{"id":1019,"date":"2025-02-12T04:51:22","date_gmt":"2025-02-12T04:51:22","guid":{"rendered":"https:\/\/enterateradios.com\/nueva\/nina-expresa-su-fe-en-graduacion-al-decir-que-su-mayor-sueno-es-ver-a-jesus-regresar-acontecer-cristiano\/"},"modified":"2025-02-12T04:51:22","modified_gmt":"2025-02-12T04:51:22","slug":"nina-expresa-su-fe-en-graduacion-al-decir-que-su-mayor-sueno-es-ver-a-jesus-regresar-acontecer-cristiano","status":"publish","type":"post","link":"https:\/\/enterateradios.com\/nueva\/nina-expresa-su-fe-en-graduacion-al-decir-que-su-mayor-sueno-es-ver-a-jesus-regresar-acontecer-cristiano\/","title":{"rendered":"Ni\u00f1a expresa su fe en graduaci\u00f3n, al decir que \u00absu mayor sue\u00f1o es ver a Jes\u00fas regresar\u00bb &#8211; Acontecer Cristiano"},"content":{"rendered":"<p> <br \/>\n<\/p>\n<div id=\"post-body-7943965080964998897\" itemprop=\"articleBody\">\n<meta content=\"El mayor sue\u00f1o de una ni\u00f1a de educaci\u00f3n inicial es &quot; ver a Jes\u00fas regresar &quot;, as\u00ed lo dio a conocer en la ceremonia de su gradaci\u00f3n ...\" name=\"twitter:description\"\/><\/p>\n<div class=\"separator\" style=\"clear: both; text-align: center;\"><img decoding=\"async\" alt=\"Graduaci\u00f3n de una ni\u00f1a en edcuaci\u00f3n infantil inicial\" border=\"0\" data-original-height=\"475\" data-original-width=\"798\" src=\"https:\/\/blogger.googleusercontent.com\/img\/b\/R29vZ2xl\/AVvXsEhfO2kxGsw3-csrtNcqc5eQkMyukHdNZr8P-84uF6CwYZAAyNgjI2izPonOyy2zt5c0_uDQyulbqFqCu2RU5WeUBnkq_QnViAGlxStFzLPRyjHczNZBRJljtcTAmgZ_HbwL4UwcETvl82uWVQQONxnn0kmG4O0-eoOZOIV_Zx2u3XlgJuUE6P1EZNi_hP6-\/s16000-rw\/nina-graduacion-inicial.jpg\" title=\"Ni\u00f1a expresa su fe en graduaci\u00f3n, al decir que &quot;su mayor sue\u00f1o es ver a Jes\u00fas regresar&quot;\"\/><\/div>\n<div>\n<p>El mayor sue\u00f1o de una ni\u00f1a de educaci\u00f3n inicial es \u00ab<b>ver a Jes\u00fas regresar<\/b>\u00ab, as\u00ed lo dio a conocer en la <b>ceremonia de su gradaci\u00f3n<\/b>, hecho que ha cautivado las redes sociales, siendo <b>elogiada por su fe<\/b>.<\/p>\n<p>La graduaci\u00f3n de educaci\u00f3n infantil, tuvo lugar en la ciudad de Assis, en S\u00e3o Paulo, Brasil. En la ceremonia, los estudiantes fueron llamados por su nombre y un narrador anunciaba su juego favorito, la profesi\u00f3n que quer\u00edan ejercer y <b>el mayor sue\u00f1o de cada ni\u00f1o.<\/b><\/p>\n<p>El v\u00eddeo del momento -que ya cuenta con m\u00e1s de <b>600.000 visualizaciones<\/b>&#8211; fue compartido en Instagram por la madre de Manuela, Vanessa Marques, el 15 de diciembre del a\u00f1o pasado.<\/p>\n<p>En su turno, Manuela desfil\u00f3 sonriendo por el pasillo, mientras el narrador dec\u00eda: \u201cSu juego favorito es saltar la cuerda, de grande quiere ser astronauta, <b>su mayor sue\u00f1o es ver a Jes\u00fas regresar<\/b>\u201d.<\/p>\n<p>En la publicaci\u00f3n, la madre de la ni\u00f1a reflexion\u00f3 sobre <b>la importancia de que los padres cristianos ense\u00f1en la Palabra de Dios a sus hijos.<\/b><\/p>\n<p>\u201cPadres, no dej\u00e9is de pastorear el coraz\u00f3n de vuestros hijos.<b> Las cosas que dicen nuestros hijos salen del coraz\u00f3n<\/b>\u201d, escribi\u00f3 Vanessa.<\/p>\n<p>\u201c<b>Ense\u00f1ar a nuestros hijos a vivir para la gloria de Dios debe ser nuestro objetivo m\u00e1s amplio<\/b>. Debemos ense\u00f1arles que la vida abundante se encuentra en conocer y servir al Dios vivo y verdadero. Somos influencias formativas en nuestros hijos. \u00bfCu\u00e1les son los valores que se ense\u00f1an en su hogar?\u201d, agreg\u00f3.<\/p>\n<p>\u00a0<\/p>\n<p><iframe allowfullscreen=\"true\" allowtransparency=\"true\" class=\"instagram-media instagram-media-rendered\" data-instgrm-payload-id=\"instagram-media-payload-1\" frameborder=\"0\" height=\"1365\" id=\"instagram-embed-1\" scrolling=\"no\" src=\"https:\/\/www.instagram.com\/reel\/DDmqfa2xlxl\/embed\/captioned\/?cr=1&amp;v=14&amp;wp=677&amp;rd=https%3A%2F%2Fguiame.com.br&amp;rp=%2Fgospel%2Fmundo-cristao%2Fmenina-diz-em-formatura-que-seu-maior-sonho-e-ver-jesus-voltar.html#%7B%22ci%22%3A1%2C%22os%22%3A1609.9000000953674%2C%22ls%22%3A1062.7000000476837%2C%22le%22%3A1071%7D\" style=\"background: white; border-color: rgb(219, 219, 219); border-radius: 3px; border-style: solid; border-width: 1px; box-shadow: none; box-sizing: border-box; display: block; margin: 0px 0px 12px; max-width: 540px; min-width: 326px; outline: 0px; padding: 0px; width: calc(100% - 2px);\"><\/iframe><\/p>\n<\/div>\n<p><a href=\"https:\/\/www.acontecercristiano.net\/2025\/01\/nina-expresa-su-fe-en-graduacion-al.html\" target=\"_blank\"> AcontecerCristiano.Net <\/a>\n<\/div>\n<p><script>(function(d, s, id) {\n  var js, fjs = d.getElementsByTagName(s)[0];\n  if (d.getElementById(id)) {return;}\n  js = d.createElement(s); js.id = id;\n  js.src = \"\/\/connect.facebook.net\/es_LA\/all.js#xfbml=1\";\n  fjs.parentNode.insertBefore(js, fjs);\n}(document, 'script', 'facebook-jssdk'));<\/script><script async src=\"\/\/www.instagram.com\/embed.js\"><\/script><br \/>\n<br \/><br \/>\n<br \/><a href=\"https:\/\/www.acontecercristiano.net\/2025\/01\/nina-expresa-su-fe-en-graduacion-al.html\">Source link <\/a><\/p>\n","protected":false},"excerpt":{"rendered":"<p>El mayor sue\u00f1o de una ni\u00f1a de educaci\u00f3n inicial es \u00abver a Jes\u00fas regresar\u00ab, as\u00ed lo dio a conocer en la ceremonia de su gradaci\u00f3n, hecho que ha cautivado las redes sociales, siendo elogiada por su fe. La graduaci\u00f3n de educaci\u00f3n infantil, tuvo lugar en la ciudad de Assis, en S\u00e3o Paulo, Brasil. En la [&hellip;]<\/p>\n","protected":false},"author":2,"featured_media":1020,"comment_status":"open","ping_status":"open","sticky":false,"template":"","format":"standard","meta":{"footnotes":""},"categories":[27],"tags":[],"class_list":{"0":"post-1019","1":"post","2":"type-post","3":"status-publish","4":"format-standard","5":"has-post-thumbnail","7":"category-cristianas"},"_links":{"self":[{"href":"https:\/\/enterateradios.com\/nueva\/wp-json\/wp\/v2\/posts\/1019","targetHints":{"allow":["GET"]}}],"collection":[{"href":"https:\/\/enterateradios.com\/nueva\/wp-json\/wp\/v2\/posts"}],"about":[{"href":"https:\/\/enterateradios.com\/nueva\/wp-json\/wp\/v2\/types\/post"}],"author":[{"embeddable":true,"href":"https:\/\/enterateradios.com\/nueva\/wp-json\/wp\/v2\/users\/2"}],"replies":[{"embeddable":true,"href":"https:\/\/enterateradios.com\/nueva\/wp-json\/wp\/v2\/comments?post=1019"}],"version-history":[{"count":0,"href":"https:\/\/enterateradios.com\/nueva\/wp-json\/wp\/v2\/posts\/1019\/revisions"}],"wp:featuredmedia":[{"embeddable":true,"href":"https:\/\/enterateradios.com\/nueva\/wp-json\/wp\/v2\/media\/1020"}],"wp:attachment":[{"href":"https:\/\/enterateradios.com\/nueva\/wp-json\/wp\/v2\/media?parent=1019"}],"wp:term":[{"taxonomy":"category","embeddable":true,"href":"https:\/\/enterateradios.com\/nueva\/wp-json\/wp\/v2\/categories?post=1019"},{"taxonomy":"post_tag","embeddable":true,"href":"https:\/\/enterateradios.com\/nueva\/wp-json\/wp\/v2\/tags?post=1019"}],"curies":[{"name":"wp","href":"https:\/\/api.w.org\/{rel}","templated":true}]}}