{"id":1031,"date":"2025-02-18T04:51:15","date_gmt":"2025-02-18T04:51:15","guid":{"rendered":"https:\/\/enterateradios.com\/nueva\/pastor-pone-zona-vip-dentro-de-iglesia-para-invitados-especiales-y-causa-polemica-acontecer-cristiano\/"},"modified":"2025-02-18T04:51:15","modified_gmt":"2025-02-18T04:51:15","slug":"pastor-pone-zona-vip-dentro-de-iglesia-para-invitados-especiales-y-causa-polemica-acontecer-cristiano","status":"publish","type":"post","link":"https:\/\/enterateradios.com\/nueva\/pastor-pone-zona-vip-dentro-de-iglesia-para-invitados-especiales-y-causa-polemica-acontecer-cristiano\/","title":{"rendered":"Pastor pone zona VIP dentro de iglesia para invitados especiales y causa pol\u00e9mica &#8211; Acontecer Cristiano"},"content":{"rendered":"<p> <br \/>\n<\/p>\n<div id=\"post-body-5962117232226344582\" itemprop=\"articleBody\">\n<meta content=\"El pastor caus\u00f3 controversia al poner dentro de la iglesia una zona exclusiva para invitados especiales y figuras p\u00fablicas . La iniciativa g...\" name=\"twitter:description\"\/><\/p>\n<div class=\"separator\" style=\"clear: both; text-align: center;\"><img decoding=\"async\" alt=\"Zona exclusiva para invitados especiales en iglesia\" border=\"0\" data-original-height=\"478\" data-original-width=\"887\" src=\"https:\/\/blogger.googleusercontent.com\/img\/b\/R29vZ2xl\/AVvXsEiTzS8sBL-AAS10P4sN3fVhBZus0rgW64VBJ8ufwKGzC2HrghTgb2MlUjo-bX6dOAcWs8Cb2I9F5O4cMme2eRJ9cjOOStySWbW9kUV05xIXN4MCzwLlbYTByU9Cvgd8FN3qDNPhEvClwnuUyJjt3y7urlqeBa7LKKz_wThhLkii2jQHq2NK0gnIM6_nJzhu\/s16000-rw\/iglesia-zona-vip.jpg\" title=\"Pastor pone zona VIP dentro de iglesia para invitados especiales y causa pol\u00e9mica\"\/><\/div>\n<div>\n<p>El pastor caus\u00f3 controversia al poner dentro de la iglesia una <b>zona exclusiva para invitados especiales y figuras p\u00fablicas<\/b>. La iniciativa gener\u00f3 indignaci\u00f3n entre algunos creyentes, quienes <b>cuestionaron<\/b> la necesidad de un espacio peculiar dentro de un ambiente religioso.<\/p>\n<p>El pastor brasile\u00f1o, Andr\u00e9 Valad\u00e3o, l\u00edder de la Iglesia de Lagoinha, tuvo que justificarse despu\u00e9s de que la pol\u00e9mica por la existencia de una zonaVIP en la congregaci\u00f3n. \u201c<b>En la iglesia nadie es m\u00e1s importante que nadie<\/b>\u201d, pero justific\u00f3 que las <b>figuras p\u00fablicas <\/b>enfrentan situaciones que dificultan vivir una rutina normal, incluida la asistencia a los servicios.<\/p>\n<p>El l\u00edder religioso explic\u00f3 que muchas de estas personas <b>sufren acoso<\/b>, como la producci\u00f3n no autorizada de im\u00e1genes y videos, y que el espacio VIP ser\u00eda una forma de <b>atender m\u00e1s adecuadamente las necesidades de estas figuras<\/b>. \u00abQuieren ir a los servicios y se busca c\u00f3mo atender a esta gente tambi\u00e9n\u00bb, dijo el l\u00edder religioso, en un intento de aliviar la situaci\u00f3n.<\/p>\n<p>Andr\u00e9 destac\u00f3 que <b>el objetivo no es crear jerarqu\u00edas<\/b>, sino permitir que todos, incluidos los m\u00e1s conocidos, participen de los servicios con tranquilidad. Sin embargo, sus declaraciones no fueron suficientes para convencer a parte del p\u00fablico, que gener\u00f3 cr\u00edticas en las redes sociales.<\/p>\n<p>Los fieles se\u00f1alaron que la separaci\u00f3n de \u00e1reas dentro de la iglesia va en contra de los<b> principios de igualdad y accesibilidad que promueve el cristianismo<\/b>. Algunos internautas mencionaron ejemplos de celebridades que asistieron a los servicios de la iglesia en Lagoinha en \u00e1reas comunes sin ser molestados, reforzando la opini\u00f3n de que el espacio exclusivo ser\u00eda innecesario.<\/p>\n<p>Otros recordaron el ejemplo de Jes\u00fas, que, a pesar de ser constantemente buscado y vivir bajo amenazas, nunca se aisl\u00f3 ni busc\u00f3 privilegios, sino que estuvo siempre entre el pueblo.<\/p>\n<\/div>\n<p><a href=\"https:\/\/www.acontecercristiano.net\/2025\/01\/pastor-pone-zona-vip-dentro-de-iglesia.html\" target=\"_blank\"> AcontecerCristiano.Net <\/a>\n<\/div>\n<p><script>(function(d, s, id) {\n  var js, fjs = d.getElementsByTagName(s)[0];\n  if (d.getElementById(id)) {return;}\n  js = d.createElement(s); js.id = id;\n  js.src = \"\/\/connect.facebook.net\/es_LA\/all.js#xfbml=1\";\n  fjs.parentNode.insertBefore(js, fjs);\n}(document, 'script', 'facebook-jssdk'));<\/script><br \/>\n<br \/><br \/>\n<br \/><a href=\"https:\/\/www.acontecercristiano.net\/2025\/01\/pastor-pone-zona-vip-dentro-de-iglesia.html\">Source link <\/a><\/p>\n","protected":false},"excerpt":{"rendered":"<p>El pastor caus\u00f3 controversia al poner dentro de la iglesia una zona exclusiva para invitados especiales y figuras p\u00fablicas. La iniciativa gener\u00f3 indignaci\u00f3n entre algunos creyentes, quienes cuestionaron la necesidad de un espacio peculiar dentro de un ambiente religioso. El pastor brasile\u00f1o, Andr\u00e9 Valad\u00e3o, l\u00edder de la Iglesia de Lagoinha, tuvo que justificarse despu\u00e9s de [&hellip;]<\/p>\n","protected":false},"author":2,"featured_media":1032,"comment_status":"open","ping_status":"open","sticky":false,"template":"","format":"standard","meta":{"footnotes":""},"categories":[27],"tags":[],"class_list":{"0":"post-1031","1":"post","2":"type-post","3":"status-publish","4":"format-standard","5":"has-post-thumbnail","7":"category-cristianas"},"_links":{"self":[{"href":"https:\/\/enterateradios.com\/nueva\/wp-json\/wp\/v2\/posts\/1031","targetHints":{"allow":["GET"]}}],"collection":[{"href":"https:\/\/enterateradios.com\/nueva\/wp-json\/wp\/v2\/posts"}],"about":[{"href":"https:\/\/enterateradios.com\/nueva\/wp-json\/wp\/v2\/types\/post"}],"author":[{"embeddable":true,"href":"https:\/\/enterateradios.com\/nueva\/wp-json\/wp\/v2\/users\/2"}],"replies":[{"embeddable":true,"href":"https:\/\/enterateradios.com\/nueva\/wp-json\/wp\/v2\/comments?post=1031"}],"version-history":[{"count":0,"href":"https:\/\/enterateradios.com\/nueva\/wp-json\/wp\/v2\/posts\/1031\/revisions"}],"wp:featuredmedia":[{"embeddable":true,"href":"https:\/\/enterateradios.com\/nueva\/wp-json\/wp\/v2\/media\/1032"}],"wp:attachment":[{"href":"https:\/\/enterateradios.com\/nueva\/wp-json\/wp\/v2\/media?parent=1031"}],"wp:term":[{"taxonomy":"category","embeddable":true,"href":"https:\/\/enterateradios.com\/nueva\/wp-json\/wp\/v2\/categories?post=1031"},{"taxonomy":"post_tag","embeddable":true,"href":"https:\/\/enterateradios.com\/nueva\/wp-json\/wp\/v2\/tags?post=1031"}],"curies":[{"name":"wp","href":"https:\/\/api.w.org\/{rel}","templated":true}]}}