{"id":1035,"date":"2025-02-20T04:51:13","date_gmt":"2025-02-20T04:51:13","guid":{"rendered":"https:\/\/enterateradios.com\/nueva\/predicador-es-agredido-en-la-calle-por-anunciar-el-evangelio-no-dejare-de-hablar-de-jesus-acontecer-cristiano\/"},"modified":"2025-02-20T04:51:13","modified_gmt":"2025-02-20T04:51:13","slug":"predicador-es-agredido-en-la-calle-por-anunciar-el-evangelio-no-dejare-de-hablar-de-jesus-acontecer-cristiano","status":"publish","type":"post","link":"https:\/\/enterateradios.com\/nueva\/predicador-es-agredido-en-la-calle-por-anunciar-el-evangelio-no-dejare-de-hablar-de-jesus-acontecer-cristiano\/","title":{"rendered":"Predicador es agredido en la calle por anunciar el Evangelio: \u00abNo dejar\u00e9 de hablar de Jes\u00fas\u00bb &#8211; Acontecer Cristiano"},"content":{"rendered":"<p> <br \/>\n<\/p>\n<div id=\"post-body-788506986862897060\" itemprop=\"articleBody\">\n<meta content=\"Durante las agresiones, un vendedor ambulante golpe\u00f3 la Biblia, que cay\u00f3 al suelo. El predicador le dice al vendedor: &quot; \u00a1Un d\u00eda recorda...\" name=\"twitter:description\"\/><\/p>\n<div class=\"separator\" style=\"clear: both; text-align: center;\"><img decoding=\"async\" alt=\"Predicador callejero es agredido por anunciar el Evangelio\" border=\"0\" data-original-height=\"475\" data-original-width=\"798\" src=\"https:\/\/blogger.googleusercontent.com\/img\/b\/R29vZ2xl\/AVvXsEjuEfObMK2WycUTG1zXQLaexgIPFJZIurvRj238ZsJ53fymvE7FaBrVeVZ4ej93KWJabD8r85_OuhB2162JqR_z6GjxG-Mh2lyBY1NlrgrKJjJdivSId9twK8UuEqL6LCEfQA7_Wka8NBJ-hbOCivjuVMs7SR9fr3KRu7HoHqz9EHCTMTmPXRxqQrjV9P4h\/s16000-rw\/predicador-de-la-calle.jpg\" title=\"Predicador es agredido en la calle por anunciar el Evangelio: &quot;No dejar\u00e9 de hablar de Jes\u00fas&quot;\"\/><\/div>\n<div>\n<p>Durante las agresiones, un vendedor ambulante golpe\u00f3 la Biblia, que cay\u00f3 al suelo. El predicador le dice al vendedor: \u00ab<b>\u00a1Un d\u00eda recordar\u00e1s la Palabra de Cristo! <\/b>Puedes golpearme a m\u00ed, pero Jes\u00fas es el \u00fanico Se\u00f1or\u00bb.<\/p>\n<p>Un predicador callejero estaba <b>compartiendo el Evangelio <\/b>en una transitada avenida de la ciudad de Sao Paulo, en Brasil, y fue agredido por parte de un vendedor ambulante y otras personas que estaban cerca a \u00e9l, lo que realmente es una agresi\u00f3n e<b> intolerancia religiosa<\/b>.<\/p>\n<p>Como parte del programa Calles Abiertas del Ayuntamiento de S\u00e3o Paulo, el sitio se cierra al tr\u00e1fico los domingos y feriados, transform\u00e1ndolo en un espacio para actividades de ocio y culturales. <b>All\u00ed no hay restricciones a la predicaci\u00f3n religiosa<\/b>.<\/p>\n<div>Mientras predicaba con la Biblia abierta, el pastor fue intimidado por algunas personas,<b> siendo llamado ignorante<\/b> por un vendedor con un puesto instalado en el lugar, seg\u00fan se <a href=\"https:\/\/www.instagram.com\/reel\/DEffF4zxutW\/\" target=\"_blank\">aprecia en un video<\/a>.<\/div>\n<p>Otro hombre aparece en las im\u00e1genes justificando las agresiones, alegando que el predicador estaba gritando en la calle. \u201c<b>Hablo de Jes\u00fas<\/b>\u201d, dice el pastor.<\/p>\n<p>El vendedor incluso golpe\u00f3 la Biblia, que cay\u00f3 al suelo, y la maldijo, dici\u00e9ndole al predicador palabras irreproducibles y le llam\u00f3 est\u00fapido\u00bb<\/p>\n<p>Tambi\u00e9n hizo gestos obscenos al predicador, quien respondi\u00f3: \u201c<b>Jes\u00fas est\u00e1 en mi vida<\/b>\u201d.<\/p>\n<p>El pastor afirm\u00f3 que el lugar es gratuito para todos, mencionando otras religiones que, seg\u00fan \u00e9l, tambi\u00e9n se manifestaban en la avenida.<\/p>\n<p>Durante los ataques, le dice al vendedor ambulante: \u201c<b>\u00a1Un d\u00eda te acordar\u00e1s de la Palabra de Cristo!<\/b> Puedes pegarme\u201d. Y continu\u00f3: \u201c<b>Pueden romper la Biblia, porque nunca dejar\u00e9 de hablar de Cristo. Puedes hacer lo que quieras conmigo. Jes\u00fas es el \u00fanico Se\u00f1or<\/b>\u201d.<\/p>\n<p>El hombre que grab\u00f3 y public\u00f3 las im\u00e1genes defendi\u00f3 los derechos del predicador: \u201cEl se\u00f1or est\u00e1 aqu\u00ed predicando su palabra&#8230; que Dios bendiga su vida. La gente quiere luchar por el respeto, pero nadie quiere respetar\u201d. Al final, pidi\u00f3 oraci\u00f3n al predicador.<\/p>\n<p>En la publicaci\u00f3n se hicieron decenas de comentarios en apoyo al predicador.<\/p>\n<p>Uno de ellos dijo: \u201cQu\u00e9 verg\u00fcenza que el tipo golpee la Biblia y ataque al hombre que est\u00e1 leyendo la palabra de Dios\u201d.<\/p>\n<\/div>\n<p><a href=\"https:\/\/www.acontecercristiano.net\/2025\/01\/predicador-es-agredido-en-la-calle-por-predicar.html\" target=\"_blank\"> AcontecerCristiano.Net <\/a>\n<\/div>\n<p><script>(function(d, s, id) {\n  var js, fjs = d.getElementsByTagName(s)[0];\n  if (d.getElementById(id)) {return;}\n  js = d.createElement(s); js.id = id;\n  js.src = \"\/\/connect.facebook.net\/es_LA\/all.js#xfbml=1\";\n  fjs.parentNode.insertBefore(js, fjs);\n}(document, 'script', 'facebook-jssdk'));<\/script><script async src=\"\/\/www.instagram.com\/embed.js\"><\/script><br \/>\n<br \/><br \/>\n<br \/><a href=\"https:\/\/www.acontecercristiano.net\/2025\/01\/predicador-es-agredido-en-la-calle-por-predicar.html\">Source link <\/a><\/p>\n","protected":false},"excerpt":{"rendered":"<p>Durante las agresiones, un vendedor ambulante golpe\u00f3 la Biblia, que cay\u00f3 al suelo. El predicador le dice al vendedor: \u00ab\u00a1Un d\u00eda recordar\u00e1s la Palabra de Cristo! Puedes golpearme a m\u00ed, pero Jes\u00fas es el \u00fanico Se\u00f1or\u00bb. Un predicador callejero estaba compartiendo el Evangelio en una transitada avenida de la ciudad de Sao Paulo, en Brasil, [&hellip;]<\/p>\n","protected":false},"author":2,"featured_media":1036,"comment_status":"open","ping_status":"open","sticky":false,"template":"","format":"standard","meta":{"footnotes":""},"categories":[27],"tags":[],"class_list":{"0":"post-1035","1":"post","2":"type-post","3":"status-publish","4":"format-standard","5":"has-post-thumbnail","7":"category-cristianas"},"_links":{"self":[{"href":"https:\/\/enterateradios.com\/nueva\/wp-json\/wp\/v2\/posts\/1035","targetHints":{"allow":["GET"]}}],"collection":[{"href":"https:\/\/enterateradios.com\/nueva\/wp-json\/wp\/v2\/posts"}],"about":[{"href":"https:\/\/enterateradios.com\/nueva\/wp-json\/wp\/v2\/types\/post"}],"author":[{"embeddable":true,"href":"https:\/\/enterateradios.com\/nueva\/wp-json\/wp\/v2\/users\/2"}],"replies":[{"embeddable":true,"href":"https:\/\/enterateradios.com\/nueva\/wp-json\/wp\/v2\/comments?post=1035"}],"version-history":[{"count":0,"href":"https:\/\/enterateradios.com\/nueva\/wp-json\/wp\/v2\/posts\/1035\/revisions"}],"wp:featuredmedia":[{"embeddable":true,"href":"https:\/\/enterateradios.com\/nueva\/wp-json\/wp\/v2\/media\/1036"}],"wp:attachment":[{"href":"https:\/\/enterateradios.com\/nueva\/wp-json\/wp\/v2\/media?parent=1035"}],"wp:term":[{"taxonomy":"category","embeddable":true,"href":"https:\/\/enterateradios.com\/nueva\/wp-json\/wp\/v2\/categories?post=1035"},{"taxonomy":"post_tag","embeddable":true,"href":"https:\/\/enterateradios.com\/nueva\/wp-json\/wp\/v2\/tags?post=1035"}],"curies":[{"name":"wp","href":"https:\/\/api.w.org\/{rel}","templated":true}]}}