{"id":1121,"date":"2025-04-04T04:51:11","date_gmt":"2025-04-04T04:51:11","guid":{"rendered":"https:\/\/enterateradios.com\/nueva\/deberian-los-cristianos-celebrar-la-pascua\/"},"modified":"2025-04-04T04:51:11","modified_gmt":"2025-04-04T04:51:11","slug":"deberian-los-cristianos-celebrar-la-pascua","status":"publish","type":"post","link":"https:\/\/enterateradios.com\/nueva\/deberian-los-cristianos-celebrar-la-pascua\/","title":{"rendered":"\u00bfDeber\u00edan los Cristianos Celebrar la Pascua?"},"content":{"rendered":"<p> <br \/>\n<\/p>\n<p>NOTICIACRISTIANA.COM- La Pascua, es una de las festividades m\u00e1s significativas del calendario hebreo, celebrada por miles de a\u00f1os por la comunidad jud\u00eda para conmemorar la liberaci\u00f3n de los israelitas de la esclavitud en Egipto. Esta celebraci\u00f3n est\u00e1 profundamente enraizada, en la historia de Israel y tiene una carga simb\u00f3lica que resuena tanto en el Antiguo [&#8230;]<\/p>\n<p>The post <a rel=\"nofollow\" href=\"https:\/\/noticiacristiana.com\/2025\/04\/deberian-los-cristianos-pascua\/\">\u00bfDeber\u00edan los Cristianos Celebrar la Pascua?<\/a> appeared first on <a rel=\"nofollow\" href=\"https:\/\/noticiacristiana.com\">NoticiaCristiana.com<\/a>.<\/p>\n<p><br \/>\n<br \/><a href=\"https:\/\/noticiacristiana.com\/2025\/04\/deberian-los-cristianos-pascua\/\">Source link <\/a><\/p>\n","protected":false},"excerpt":{"rendered":"<p>NOTICIACRISTIANA.COM- La Pascua, es una de las festividades m\u00e1s significativas del calendario hebreo, celebrada por miles de a\u00f1os por la comunidad jud\u00eda para conmemorar la liberaci\u00f3n de los israelitas de la esclavitud en Egipto. Esta celebraci\u00f3n est\u00e1 profundamente enraizada, en la historia de Israel y tiene una carga simb\u00f3lica que resuena tanto en el Antiguo [&hellip;]<\/p>\n","protected":false},"author":2,"featured_media":1122,"comment_status":"open","ping_status":"open","sticky":false,"template":"","format":"standard","meta":{"footnotes":""},"categories":[39],"tags":[],"class_list":{"0":"post-1121","1":"post","2":"type-post","3":"status-publish","4":"format-standard","5":"has-post-thumbnail","7":"category-otras-noticias"},"_links":{"self":[{"href":"https:\/\/enterateradios.com\/nueva\/wp-json\/wp\/v2\/posts\/1121","targetHints":{"allow":["GET"]}}],"collection":[{"href":"https:\/\/enterateradios.com\/nueva\/wp-json\/wp\/v2\/posts"}],"about":[{"href":"https:\/\/enterateradios.com\/nueva\/wp-json\/wp\/v2\/types\/post"}],"author":[{"embeddable":true,"href":"https:\/\/enterateradios.com\/nueva\/wp-json\/wp\/v2\/users\/2"}],"replies":[{"embeddable":true,"href":"https:\/\/enterateradios.com\/nueva\/wp-json\/wp\/v2\/comments?post=1121"}],"version-history":[{"count":0,"href":"https:\/\/enterateradios.com\/nueva\/wp-json\/wp\/v2\/posts\/1121\/revisions"}],"wp:featuredmedia":[{"embeddable":true,"href":"https:\/\/enterateradios.com\/nueva\/wp-json\/wp\/v2\/media\/1122"}],"wp:attachment":[{"href":"https:\/\/enterateradios.com\/nueva\/wp-json\/wp\/v2\/media?parent=1121"}],"wp:term":[{"taxonomy":"category","embeddable":true,"href":"https:\/\/enterateradios.com\/nueva\/wp-json\/wp\/v2\/categories?post=1121"},{"taxonomy":"post_tag","embeddable":true,"href":"https:\/\/enterateradios.com\/nueva\/wp-json\/wp\/v2\/tags?post=1121"}],"curies":[{"name":"wp","href":"https:\/\/api.w.org\/{rel}","templated":true}]}}