{"id":1131,"date":"2025-04-09T04:51:14","date_gmt":"2025-04-09T04:51:14","guid":{"rendered":"https:\/\/enterateradios.com\/nueva\/las-naciones-se-enfureceran-contra-israel-en-los-ultimos-dias-afirma-estudioso-biblico-acontecer-cristiano\/"},"modified":"2025-04-09T04:51:14","modified_gmt":"2025-04-09T04:51:14","slug":"las-naciones-se-enfureceran-contra-israel-en-los-ultimos-dias-afirma-estudioso-biblico-acontecer-cristiano","status":"publish","type":"post","link":"https:\/\/enterateradios.com\/nueva\/las-naciones-se-enfureceran-contra-israel-en-los-ultimos-dias-afirma-estudioso-biblico-acontecer-cristiano\/","title":{"rendered":"\u201cLas naciones se enfurecer\u00e1n contra Israel en los \u00faltimos d\u00edas\u201d, afirma estudioso b\u00edblico &#8211; Acontecer Cristiano"},"content":{"rendered":"<p> <br \/>\n<\/p>\n<div id=\"post-body-6695719643009177788\" itemprop=\"articleBody\">\n<meta content=\"El escritor y evangelista Jonathan Cahn destac\u00f3 la profec\u00eda b\u00edblica  sobre los tiempos finales  ante el conflicto en Israel, afirmando que: ...\" name=\"twitter:description\"\/><\/p>\n<div class=\"separator\" style=\"clear: both; text-align: center;\"><img decoding=\"async\" alt=\"Jonathan Cahn profec\u00edas\" border=\"0\" data-original-height=\"485\" data-original-width=\"814\" src=\"https:\/\/blogger.googleusercontent.com\/img\/b\/R29vZ2xl\/AVvXsEgV7rN4FAju0lu9NR2rdGfrvEpmeyk79lI2IB4dlkOcIdLOSRJ-oRQMrON5RKe3JmeNJy0LuHwUX1HlONH_rldjtrZ3vjm5M81UJYGedLhKtTNcMnrGsTjEjFTqoDSuYXP4sVwn-Pmd2CB77I68alafYy_dxcFwQccGCKYUFCUUIjzmXprq16TwVOEFs8hO\/s16000-rw\/jonathan-cahn-israel.jpg\" title=\"\u201cLas naciones se enfurecer\u00e1n contra Israel en los \u00faltimos d\u00edas\u201d, afirma estudioso b\u00edblico\"\/><\/div>\n<p>El escritor y evangelista Jonathan Cahn destac\u00f3 la <b>profec\u00eda b\u00edblica<\/b> sobre los <b>tiempos finales<\/b> ante el conflicto en Israel, afirmando que: \u00abEl Dios de Israel prevalecer\u00e1\u00bb.\u00a0<\/p>\n<div>\n<p>En una entrevista con Fox News, Jonathan Cahn, cont\u00f3 c\u00f3mo comenz\u00f3 el proceso de creaci\u00f3n de su libro llamado \u201cLa Profec\u00eda del Drag\u00f3n: Israel, la Oscura Resurrecci\u00f3n y el Fin de los D\u00edas\u201d:\u00a0<\/p>\n<p>\u00abMe despert\u00f3 todo lo que estaba sucediendo en Oriente Medio. Nunca hab\u00eda escrito un libro que abordara tantas <b>profec\u00edas b\u00edblicas<\/b> que se est\u00e1n cumpliendo ahora mismo: todo esto est\u00e1 sucediendo\u00bb.<\/p>\n<p>Como escribi\u00f3 Jonathan, \u00ablas cosas se estaban volviendo reales\u00bb: \u00abTuve que seguir actualizando el libro por eso\u00bb, dijo el autor.<\/p>\n<p><b>Originalmente ateo y criado en una familia jud\u00eda<\/b>, el evangelista acept\u00f3 a Jes\u00fas despu\u00e9s de aprender sobre las profec\u00edas b\u00edblicas.<\/p>\n<p>\u00abNo ten\u00eda idea de que lo que est\u00e1 escrito en la Biblia realmente se estaba cumpliendo, empezando con la resurrecci\u00f3n de Israel\u00bb, dijo.\u00a0<\/p>\n<p>\u00abLa Biblia dice que esto suceder\u00eda: &#8216;<b>Se reunir\u00e1n los jud\u00edos desde los confines de la tierra<\/b> y volver\u00e1n a ser una sola naci\u00f3n&#8217;. Pues bien, aqu\u00ed estamos\u00bb, a\u00f1adi\u00f3.<\/p>\n<p>El t\u00edtulo \u00abLa Profec\u00eda del Drag\u00f3n\u00bb es una referencia al <b>Libro del Apocalipsis<\/b>, donde el diablo es representado como un drag\u00f3n.\u00a0<\/p>\n<p>\u201cEn Apocalipsis 12, un drag\u00f3n est\u00e1 luchando contra una mujer\u201d, se\u00f1al\u00f3 Jonathan. Seg\u00fan \u00e9l, algunos interpretan a la mujer como <b>una representaci\u00f3n de Israel<\/b>: \u00abEsto est\u00e1 sucediendo ahora\u00bb, advirti\u00f3 el evangelista.\u00a0<\/p>\n<p>\u00abY la Biblia habla de algo llamado <b>el fin de los d\u00edas<\/b>, desde el tiempo de Mois\u00e9s hasta el Nuevo Testamento\u00bb, a\u00f1adi\u00f3.\u00a0<\/p>\n<p>Aunque la Palabra de Dios afirma que nadie sabr\u00e1 el \u201cd\u00eda ni la hora\u201d en que Jes\u00fas regresar\u00e1, tambi\u00e9n resalta que <b>habr\u00e1 se\u00f1ales<\/b> que debemos observar. \u00abUna de esas se\u00f1ales es que <b>la naci\u00f3n de Israel volver\u00eda y se reunir\u00eda nuevamente<\/b>. El pueblo jud\u00edo volver\u00eda a la ciudad de Jerusal\u00e9n. Y eso sucedi\u00f3 en 1967&#8243;, afirm\u00f3.<\/p>\n<p>\u201cTodas las naciones se concentrar\u00e1n en Oriente Medio y en esta peque\u00f1a tierra de Israel, que tiene apenas el tama\u00f1o de Nueva Jersey. [La Biblia] tambi\u00e9n dice que <b>las naciones se enfurecer\u00e1n contra el pueblo jud\u00edo<\/b>, se enfurecer\u00e1n contra Israel\u201d.\u00a0<\/p>\n<p>Al se\u00f1alar el aumento del antisemitismo durante el \u00faltimo a\u00f1o, advirti\u00f3: \u201cEst\u00e1 sucediendo. <b>La segunda venida de Cristo no puede ocurrir sin que el pueblo jud\u00edo est\u00e9 en Jerusal\u00e9n<\/b>\u201d.<\/p>\n<p>A pesar de los conflictos, Jonathan quiere que la gente sepa que la Biblia deja claro qui\u00e9n ganar\u00e1 esta batalla al final:<\/p>\n<p>\u00abYa sabes, durante <b>4.000 a\u00f1os <\/b>el mundo ha estado tratando de destruir a la naci\u00f3n de Israel, al pueblo jud\u00edo; el drag\u00f3n, el enemigo, ha estado tratando de hacer eso\u00bb.\u00a0<\/p>\n<p>\u201cA pesar de esto,<b> el pueblo jud\u00edo sobrevivi\u00f3<\/b> y todos los que intentaron destruirlo, desde la antig\u00fcedad hasta los tiempos modernos, desaparecieron. As\u00ed que si segu\u00eds al Dios de Israel, si segu\u00eds al Mes\u00edas de Israel, Jes\u00fas, vivir\u00e9is. Ustedes prevalecer\u00e1n\u00bb, a\u00f1adi\u00f3.\u00a0<\/p>\n<p>Y concluy\u00f3 diciendo: \u201cSimplemente lucha. No te rindas\u201d.<\/p>\n<p>Jonathan es el l\u00edder de la congregaci\u00f3n mesi\u00e1nica \u201cBeth Israel\/The Jerusalem Center\u201d en Wayne, Nueva Jersey, en los Estados Unidos.<\/p>\n<\/div>\n<p><a href=\"https:\/\/www.acontecercristiano.net\/2025\/02\/las-naciones-se-enfureceran-contra-israel.html\" target=\"_blank\"> AcontecerCristiano.Net <\/a>\n<\/div>\n<p><script>(function(d, s, id) {\n  var js, fjs = d.getElementsByTagName(s)[0];\n  if (d.getElementById(id)) {return;}\n  js = d.createElement(s); js.id = id;\n  js.src = \"\/\/connect.facebook.net\/es_LA\/all.js#xfbml=1\";\n  fjs.parentNode.insertBefore(js, fjs);\n}(document, 'script', 'facebook-jssdk'));<\/script><br \/>\n<br \/><br \/>\n<br \/><a href=\"https:\/\/www.acontecercristiano.net\/2025\/02\/las-naciones-se-enfureceran-contra-israel.html\">Source link <\/a><\/p>\n","protected":false},"excerpt":{"rendered":"<p>El escritor y evangelista Jonathan Cahn destac\u00f3 la profec\u00eda b\u00edblica sobre los tiempos finales ante el conflicto en Israel, afirmando que: \u00abEl Dios de Israel prevalecer\u00e1\u00bb.\u00a0 En una entrevista con Fox News, Jonathan Cahn, cont\u00f3 c\u00f3mo comenz\u00f3 el proceso de creaci\u00f3n de su libro llamado \u201cLa Profec\u00eda del Drag\u00f3n: Israel, la Oscura Resurrecci\u00f3n y el [&hellip;]<\/p>\n","protected":false},"author":2,"featured_media":1132,"comment_status":"open","ping_status":"open","sticky":false,"template":"","format":"standard","meta":{"footnotes":""},"categories":[27],"tags":[],"class_list":{"0":"post-1131","1":"post","2":"type-post","3":"status-publish","4":"format-standard","5":"has-post-thumbnail","7":"category-cristianas"},"_links":{"self":[{"href":"https:\/\/enterateradios.com\/nueva\/wp-json\/wp\/v2\/posts\/1131","targetHints":{"allow":["GET"]}}],"collection":[{"href":"https:\/\/enterateradios.com\/nueva\/wp-json\/wp\/v2\/posts"}],"about":[{"href":"https:\/\/enterateradios.com\/nueva\/wp-json\/wp\/v2\/types\/post"}],"author":[{"embeddable":true,"href":"https:\/\/enterateradios.com\/nueva\/wp-json\/wp\/v2\/users\/2"}],"replies":[{"embeddable":true,"href":"https:\/\/enterateradios.com\/nueva\/wp-json\/wp\/v2\/comments?post=1131"}],"version-history":[{"count":0,"href":"https:\/\/enterateradios.com\/nueva\/wp-json\/wp\/v2\/posts\/1131\/revisions"}],"wp:featuredmedia":[{"embeddable":true,"href":"https:\/\/enterateradios.com\/nueva\/wp-json\/wp\/v2\/media\/1132"}],"wp:attachment":[{"href":"https:\/\/enterateradios.com\/nueva\/wp-json\/wp\/v2\/media?parent=1131"}],"wp:term":[{"taxonomy":"category","embeddable":true,"href":"https:\/\/enterateradios.com\/nueva\/wp-json\/wp\/v2\/categories?post=1131"},{"taxonomy":"post_tag","embeddable":true,"href":"https:\/\/enterateradios.com\/nueva\/wp-json\/wp\/v2\/tags?post=1131"}],"curies":[{"name":"wp","href":"https:\/\/api.w.org\/{rel}","templated":true}]}}