{"id":1143,"date":"2025-04-15T04:51:13","date_gmt":"2025-04-15T04:51:13","guid":{"rendered":"https:\/\/enterateradios.com\/nueva\/hombre-se-bautiza-tras-suplica-de-su-hija-de-8-anos-para-que-acepte-a-cristo-acontecer-cristiano\/"},"modified":"2025-04-15T04:51:13","modified_gmt":"2025-04-15T04:51:13","slug":"hombre-se-bautiza-tras-suplica-de-su-hija-de-8-anos-para-que-acepte-a-cristo-acontecer-cristiano","status":"publish","type":"post","link":"https:\/\/enterateradios.com\/nueva\/hombre-se-bautiza-tras-suplica-de-su-hija-de-8-anos-para-que-acepte-a-cristo-acontecer-cristiano\/","title":{"rendered":"Hombre se bautiza tras s\u00faplica de su hija de 8 a\u00f1os para que acepte a Cristo &#8211; Acontecer Cristiano"},"content":{"rendered":"<p> <br \/>\n<\/p>\n<div id=\"post-body-4719246062118918312\" itemprop=\"articleBody\">\n<meta content=\"La ni\u00f1a so\u00f1aba con ser bautizada junto a su padre desde hace dos a\u00f1os, y se sorprendi\u00f3 al verlo aceptar a Jes\u00fas en el d\u00eda de su bautismo . ...\" name=\"twitter:description\"\/><\/p>\n<div class=\"separator\" style=\"clear: both; text-align: center;\"><img decoding=\"async\" alt=\"Bautismo de padre e hija\" border=\"0\" data-original-height=\"480\" data-original-width=\"806\" src=\"https:\/\/blogger.googleusercontent.com\/img\/b\/R29vZ2xl\/AVvXsEiX3g6UX-MGz1Ynty-Ni36TK6DfFl4zfugXDl8aP9erwE0kpeB-F-ByCCJTMIlSu2ITfcbkQhnukcmoP-yLP0bHzOFmTyCFce4glX0jje2L7DS6W_lUVywdMss3SSeMVPxQ7cV3hrX39VjTLArSBsMn2cQDgWAkPJy0iPNlLe0LG3hcL0cXSyVn5_1IXL4N\/s16000-rw\/padre-hija-bautismo.jpg\" title=\"Hombre se bautiza tras s\u00faplica de su hija de 8 a\u00f1os para que acepte a Cristo\"\/><\/div>\n<p>La ni\u00f1a so\u00f1aba con ser bautizada junto a su padre desde hace dos a\u00f1os, y se sorprendi\u00f3 al verlo <b>aceptar a Jes\u00fas en el d\u00eda de su bautismo<\/b>. \u00abAhora toda mi familia est\u00e1 con Cristo\u00bb, dijo el padre.<\/p>\n<div>\n<p>La peque\u00f1a Evely Carvalho, de 8 a\u00f1os, cumpli\u00f3 su sue\u00f1o de ser bautizada junto a su padre, Jos\u00e9 Wilame. Durante dos a\u00f1os, la ni\u00f1a pidi\u00f3 a su padre <b>que tambi\u00e9n aceptara a Jes\u00fas y se bautizara con ella.\u00a0<\/b><\/p>\n<p>En ese momento, el padre prometi\u00f3 a su hija que cuando ella bajara a las aguas bautismales, \u00e9l har\u00eda lo mismo.\u00a0<\/p>\n<p>Sin embargo, Jos\u00e9 <b>enfrent\u00f3 dudas sobre el Evangelio<\/b> y tard\u00f3 mucho tiempo en tomar una decisi\u00f3n. Pero la ni\u00f1a nunca perdi\u00f3 la esperanza de ver a su padre ser salvo.<\/p>\n<p>Despu\u00e9s de ser discipulada en la Iglesia Adventista de la ciudad de Palmeiras de Goi\u00e1s (GO), Brasil, Evely ser\u00eda bautizada el 28 de septiembre.<\/p>\n<p>El d\u00eda de la ceremonia, la ni\u00f1a escuch\u00f3 atentamente el serm\u00f3n, <b>sin imaginar la sorpresa que le esperaba.<\/b><\/p>\n<p>Tan pronto el pastor hizo el llamado a aceptar a Jes\u00fas, Jos\u00e9 Wilame entr\u00f3 a la iglesia, <b>con l\u00e1grimas en los ojos entreg\u00f3 su vida a Cristo<\/b>, decidiendo bautizarse junto con su hija.<\/p>\n<p>Al ver la escena, Evely <b>se conmovi\u00f3 al ver que su sue\u00f1o finalmente se hac\u00eda realidad<\/b>. \u00abElla me influy\u00f3 al 100%. Dijo que ser\u00eda el d\u00eda m\u00e1s feliz de su vida si me bautizaba con ella\u00bb, testific\u00f3 el padre a la iglesia.<\/p>\n<p>Ese d\u00eda, <b>padre e hija se bautizaron juntos<\/b>, dando testimonio p\u00fablico de su fe en Cristo.\u00a0<\/p>\n<p>\u201cMe siento muy feliz y honrado de tener a mi familia unida con Cristo. <b>Ahora, toda mi familia est\u00e1 con Cristo<\/b>\u201d, celebr\u00f3 Jos\u00e9.<\/p>\n<p>En la regi\u00f3n de Palmeiras de Goi\u00e1s, otras 9 personas tambi\u00e9n fueron bautizadas, como resultado de la evangelizaci\u00f3n de las iglesias locales.<\/p>\n<\/div>\n<p><a href=\"https:\/\/www.acontecercristiano.net\/2025\/02\/hombre-se-bautiza-tras-suplica-de-su-hija.html\" target=\"_blank\"> AcontecerCristiano.Net <\/a>\n<\/div>\n<p><script>(function(d, s, id) {\n  var js, fjs = d.getElementsByTagName(s)[0];\n  if (d.getElementById(id)) {return;}\n  js = d.createElement(s); js.id = id;\n  js.src = \"\/\/connect.facebook.net\/es_LA\/all.js#xfbml=1\";\n  fjs.parentNode.insertBefore(js, fjs);\n}(document, 'script', 'facebook-jssdk'));<\/script><br \/>\n<br \/><br \/>\n<br \/><a href=\"https:\/\/www.acontecercristiano.net\/2025\/02\/hombre-se-bautiza-tras-suplica-de-su-hija.html\">Source link <\/a><\/p>\n","protected":false},"excerpt":{"rendered":"<p>La ni\u00f1a so\u00f1aba con ser bautizada junto a su padre desde hace dos a\u00f1os, y se sorprendi\u00f3 al verlo aceptar a Jes\u00fas en el d\u00eda de su bautismo. \u00abAhora toda mi familia est\u00e1 con Cristo\u00bb, dijo el padre. La peque\u00f1a Evely Carvalho, de 8 a\u00f1os, cumpli\u00f3 su sue\u00f1o de ser bautizada junto a su padre, [&hellip;]<\/p>\n","protected":false},"author":2,"featured_media":1144,"comment_status":"open","ping_status":"open","sticky":false,"template":"","format":"standard","meta":{"footnotes":""},"categories":[27],"tags":[],"class_list":{"0":"post-1143","1":"post","2":"type-post","3":"status-publish","4":"format-standard","5":"has-post-thumbnail","7":"category-cristianas"},"_links":{"self":[{"href":"https:\/\/enterateradios.com\/nueva\/wp-json\/wp\/v2\/posts\/1143","targetHints":{"allow":["GET"]}}],"collection":[{"href":"https:\/\/enterateradios.com\/nueva\/wp-json\/wp\/v2\/posts"}],"about":[{"href":"https:\/\/enterateradios.com\/nueva\/wp-json\/wp\/v2\/types\/post"}],"author":[{"embeddable":true,"href":"https:\/\/enterateradios.com\/nueva\/wp-json\/wp\/v2\/users\/2"}],"replies":[{"embeddable":true,"href":"https:\/\/enterateradios.com\/nueva\/wp-json\/wp\/v2\/comments?post=1143"}],"version-history":[{"count":0,"href":"https:\/\/enterateradios.com\/nueva\/wp-json\/wp\/v2\/posts\/1143\/revisions"}],"wp:featuredmedia":[{"embeddable":true,"href":"https:\/\/enterateradios.com\/nueva\/wp-json\/wp\/v2\/media\/1144"}],"wp:attachment":[{"href":"https:\/\/enterateradios.com\/nueva\/wp-json\/wp\/v2\/media?parent=1143"}],"wp:term":[{"taxonomy":"category","embeddable":true,"href":"https:\/\/enterateradios.com\/nueva\/wp-json\/wp\/v2\/categories?post=1143"},{"taxonomy":"post_tag","embeddable":true,"href":"https:\/\/enterateradios.com\/nueva\/wp-json\/wp\/v2\/tags?post=1143"}],"curies":[{"name":"wp","href":"https:\/\/api.w.org\/{rel}","templated":true}]}}