{"id":1151,"date":"2025-04-22T04:51:05","date_gmt":"2025-04-22T04:51:05","guid":{"rendered":"https:\/\/enterateradios.com\/nueva\/tercer-cielo-tras-muerte-papa-francisco-que-su-legado-siga-iluminando\/"},"modified":"2025-04-22T04:51:05","modified_gmt":"2025-04-22T04:51:05","slug":"tercer-cielo-tras-muerte-papa-francisco-que-su-legado-siga-iluminando","status":"publish","type":"post","link":"https:\/\/enterateradios.com\/nueva\/tercer-cielo-tras-muerte-papa-francisco-que-su-legado-siga-iluminando\/","title":{"rendered":"Tercer Cielo tras muerte Papa Francisco: \u201cQue su legado siga iluminando\u201d"},"content":{"rendered":"<p> <br \/>\n<\/p>\n<p>NOTICIACRISTIANA.COM.- El d\u00fao cristiano Tercer Cielo comparti\u00f3 un emotivo mensaje tras conocerse la muerte del Papa Francisco, destacando su impacto espiritual m\u00e1s all\u00e1 de las diferencias doctrinales. \u201cEl Papa Francisco fue una voz de paz, humildad y servicio en un mundo que grita por amor y verdad\u201d, expresaron en sus redes sociales. A\u00f1adieron que su [&#8230;]<\/p>\n<p>The post <a rel=\"nofollow\" href=\"https:\/\/noticiacristiana.com\/2025\/04\/tercer-cielo-muerte-papa-francisco\/\">Tercer Cielo tras muerte Papa Francisco: \u201cQue su legado siga iluminando\u201d<\/a> appeared first on <a rel=\"nofollow\" href=\"https:\/\/noticiacristiana.com\">NoticiaCristiana.com<\/a>.<\/p>\n<p><br \/>\n<br \/><a href=\"https:\/\/noticiacristiana.com\/2025\/04\/tercer-cielo-muerte-papa-francisco\/\">Source link <\/a><\/p>\n","protected":false},"excerpt":{"rendered":"<p>NOTICIACRISTIANA.COM.- El d\u00fao cristiano Tercer Cielo comparti\u00f3 un emotivo mensaje tras conocerse la muerte del Papa Francisco, destacando su impacto espiritual m\u00e1s all\u00e1 de las diferencias doctrinales. \u201cEl Papa Francisco fue una voz de paz, humildad y servicio en un mundo que grita por amor y verdad\u201d, expresaron en sus redes sociales. A\u00f1adieron que su [&hellip;]<\/p>\n","protected":false},"author":2,"featured_media":1152,"comment_status":"open","ping_status":"open","sticky":false,"template":"","format":"standard","meta":{"footnotes":""},"categories":[39],"tags":[],"class_list":{"0":"post-1151","1":"post","2":"type-post","3":"status-publish","4":"format-standard","5":"has-post-thumbnail","7":"category-otras-noticias"},"_links":{"self":[{"href":"https:\/\/enterateradios.com\/nueva\/wp-json\/wp\/v2\/posts\/1151","targetHints":{"allow":["GET"]}}],"collection":[{"href":"https:\/\/enterateradios.com\/nueva\/wp-json\/wp\/v2\/posts"}],"about":[{"href":"https:\/\/enterateradios.com\/nueva\/wp-json\/wp\/v2\/types\/post"}],"author":[{"embeddable":true,"href":"https:\/\/enterateradios.com\/nueva\/wp-json\/wp\/v2\/users\/2"}],"replies":[{"embeddable":true,"href":"https:\/\/enterateradios.com\/nueva\/wp-json\/wp\/v2\/comments?post=1151"}],"version-history":[{"count":0,"href":"https:\/\/enterateradios.com\/nueva\/wp-json\/wp\/v2\/posts\/1151\/revisions"}],"wp:featuredmedia":[{"embeddable":true,"href":"https:\/\/enterateradios.com\/nueva\/wp-json\/wp\/v2\/media\/1152"}],"wp:attachment":[{"href":"https:\/\/enterateradios.com\/nueva\/wp-json\/wp\/v2\/media?parent=1151"}],"wp:term":[{"taxonomy":"category","embeddable":true,"href":"https:\/\/enterateradios.com\/nueva\/wp-json\/wp\/v2\/categories?post=1151"},{"taxonomy":"post_tag","embeddable":true,"href":"https:\/\/enterateradios.com\/nueva\/wp-json\/wp\/v2\/tags?post=1151"}],"curies":[{"name":"wp","href":"https:\/\/api.w.org\/{rel}","templated":true}]}}