{"id":1227,"date":"2025-07-07T04:51:05","date_gmt":"2025-07-07T04:51:05","guid":{"rendered":"https:\/\/enterateradios.com\/nueva\/guillermo-maldonado-declara-profecia-sobre-javier-milei\/"},"modified":"2025-07-07T04:51:05","modified_gmt":"2025-07-07T04:51:05","slug":"guillermo-maldonado-declara-profecia-sobre-javier-milei","status":"publish","type":"post","link":"https:\/\/enterateradios.com\/nueva\/guillermo-maldonado-declara-profecia-sobre-javier-milei\/","title":{"rendered":"Guillermo Maldonado declara profec\u00eda sobre Javier Milei"},"content":{"rendered":"<p> <br \/>\n<\/p>\n<p>NOTICIACRISTIANA.COM- El pasado fin de semana, la provincia del Chaco fue testigo de un momento hist\u00f3rico con la inauguraci\u00f3n del majestuoso Templo Portal del Cielo, un evento de profunda relevancia espiritual y nacional que cont\u00f3 con la presencia del Presidente de la Rep\u00fablica Argentina, Javier Milei. \u201cTuve el inmenso honor de ser parte de esta [&#8230;]<\/p>\n<p>The post <a rel=\"nofollow\" href=\"https:\/\/noticiacristiana.com\/2025\/07\/apostol-guillermo-maldonado-profecia\/\">Guillermo Maldonado declara profec\u00eda sobre Javier Milei<\/a> appeared first on <a rel=\"nofollow\" href=\"https:\/\/noticiacristiana.com\">NoticiaCristiana.com<\/a>.<\/p>\n<p><br \/>\n<br \/><a href=\"https:\/\/noticiacristiana.com\/2025\/07\/apostol-guillermo-maldonado-profecia\/\">Source link <\/a><\/p>\n","protected":false},"excerpt":{"rendered":"<p>NOTICIACRISTIANA.COM- El pasado fin de semana, la provincia del Chaco fue testigo de un momento hist\u00f3rico con la inauguraci\u00f3n del majestuoso Templo Portal del Cielo, un evento de profunda relevancia espiritual y nacional que cont\u00f3 con la presencia del Presidente de la Rep\u00fablica Argentina, Javier Milei. \u201cTuve el inmenso honor de ser parte de esta [&hellip;]<\/p>\n","protected":false},"author":2,"featured_media":1228,"comment_status":"open","ping_status":"open","sticky":false,"template":"","format":"standard","meta":{"footnotes":""},"categories":[39],"tags":[],"class_list":{"0":"post-1227","1":"post","2":"type-post","3":"status-publish","4":"format-standard","5":"has-post-thumbnail","7":"category-otras-noticias"},"_links":{"self":[{"href":"https:\/\/enterateradios.com\/nueva\/wp-json\/wp\/v2\/posts\/1227","targetHints":{"allow":["GET"]}}],"collection":[{"href":"https:\/\/enterateradios.com\/nueva\/wp-json\/wp\/v2\/posts"}],"about":[{"href":"https:\/\/enterateradios.com\/nueva\/wp-json\/wp\/v2\/types\/post"}],"author":[{"embeddable":true,"href":"https:\/\/enterateradios.com\/nueva\/wp-json\/wp\/v2\/users\/2"}],"replies":[{"embeddable":true,"href":"https:\/\/enterateradios.com\/nueva\/wp-json\/wp\/v2\/comments?post=1227"}],"version-history":[{"count":0,"href":"https:\/\/enterateradios.com\/nueva\/wp-json\/wp\/v2\/posts\/1227\/revisions"}],"wp:featuredmedia":[{"embeddable":true,"href":"https:\/\/enterateradios.com\/nueva\/wp-json\/wp\/v2\/media\/1228"}],"wp:attachment":[{"href":"https:\/\/enterateradios.com\/nueva\/wp-json\/wp\/v2\/media?parent=1227"}],"wp:term":[{"taxonomy":"category","embeddable":true,"href":"https:\/\/enterateradios.com\/nueva\/wp-json\/wp\/v2\/categories?post=1227"},{"taxonomy":"post_tag","embeddable":true,"href":"https:\/\/enterateradios.com\/nueva\/wp-json\/wp\/v2\/tags?post=1227"}],"curies":[{"name":"wp","href":"https:\/\/api.w.org\/{rel}","templated":true}]}}