{"id":1255,"date":"2025-08-04T04:51:04","date_gmt":"2025-08-04T04:51:04","guid":{"rendered":"https:\/\/enterateradios.com\/nueva\/hombre-mas-longevo-de-colombia-aconseja-a-jovenes-oren-mucho-a-dios\/"},"modified":"2025-08-04T04:51:04","modified_gmt":"2025-08-04T04:51:04","slug":"hombre-mas-longevo-de-colombia-aconseja-a-jovenes-oren-mucho-a-dios","status":"publish","type":"post","link":"https:\/\/enterateradios.com\/nueva\/hombre-mas-longevo-de-colombia-aconseja-a-jovenes-oren-mucho-a-dios\/","title":{"rendered":"Hombre m\u00e1s longevo de Colombia aconseja a j\u00f3venes: \u201cOren mucho a Dios\u201d"},"content":{"rendered":"<p> <br \/>\n<\/p>\n<p>NOTICIACRISTIANA.COM- Desde el 29 de junio de 2024, tras el fallecimiento de Alfonso Mar\u00eda Rojas Perdomo, el antioque\u00f1o Julio Saldarriaga Hern\u00e1ndez ostenta el t\u00edtulo de la persona viva m\u00e1s longeva de Colombia. Nacido el 30 de julio de 1913 en Cocorn\u00e1, Antioquia, don Julio acaba de cumplir 112 a\u00f1os y su historia ha conmovido al [&#8230;]<\/p>\n<p>The post <a rel=\"nofollow\" href=\"https:\/\/noticiacristiana.com\/2025\/08\/hombre-mas-longevo-de-colombia\/\">Hombre m\u00e1s longevo de Colombia aconseja a j\u00f3venes: \u201cOren mucho a Dios\u201d<\/a> appeared first on <a rel=\"nofollow\" href=\"https:\/\/noticiacristiana.com\">NoticiaCristiana.com<\/a>.<\/p>\n<p><br \/>\n<br \/><a href=\"https:\/\/noticiacristiana.com\/2025\/08\/hombre-mas-longevo-de-colombia\/\">Source link <\/a><\/p>\n","protected":false},"excerpt":{"rendered":"<p>NOTICIACRISTIANA.COM- Desde el 29 de junio de 2024, tras el fallecimiento de Alfonso Mar\u00eda Rojas Perdomo, el antioque\u00f1o Julio Saldarriaga Hern\u00e1ndez ostenta el t\u00edtulo de la persona viva m\u00e1s longeva de Colombia. Nacido el 30 de julio de 1913 en Cocorn\u00e1, Antioquia, don Julio acaba de cumplir 112 a\u00f1os y su historia ha conmovido al [&hellip;]<\/p>\n","protected":false},"author":2,"featured_media":1256,"comment_status":"open","ping_status":"open","sticky":false,"template":"","format":"standard","meta":{"footnotes":""},"categories":[39],"tags":[],"class_list":{"0":"post-1255","1":"post","2":"type-post","3":"status-publish","4":"format-standard","5":"has-post-thumbnail","7":"category-otras-noticias"},"_links":{"self":[{"href":"https:\/\/enterateradios.com\/nueva\/wp-json\/wp\/v2\/posts\/1255","targetHints":{"allow":["GET"]}}],"collection":[{"href":"https:\/\/enterateradios.com\/nueva\/wp-json\/wp\/v2\/posts"}],"about":[{"href":"https:\/\/enterateradios.com\/nueva\/wp-json\/wp\/v2\/types\/post"}],"author":[{"embeddable":true,"href":"https:\/\/enterateradios.com\/nueva\/wp-json\/wp\/v2\/users\/2"}],"replies":[{"embeddable":true,"href":"https:\/\/enterateradios.com\/nueva\/wp-json\/wp\/v2\/comments?post=1255"}],"version-history":[{"count":0,"href":"https:\/\/enterateradios.com\/nueva\/wp-json\/wp\/v2\/posts\/1255\/revisions"}],"wp:featuredmedia":[{"embeddable":true,"href":"https:\/\/enterateradios.com\/nueva\/wp-json\/wp\/v2\/media\/1256"}],"wp:attachment":[{"href":"https:\/\/enterateradios.com\/nueva\/wp-json\/wp\/v2\/media?parent=1255"}],"wp:term":[{"taxonomy":"category","embeddable":true,"href":"https:\/\/enterateradios.com\/nueva\/wp-json\/wp\/v2\/categories?post=1255"},{"taxonomy":"post_tag","embeddable":true,"href":"https:\/\/enterateradios.com\/nueva\/wp-json\/wp\/v2\/tags?post=1255"}],"curies":[{"name":"wp","href":"https:\/\/api.w.org\/{rel}","templated":true}]}}