{"id":1337,"date":"2025-10-25T04:51:11","date_gmt":"2025-10-25T04:51:11","guid":{"rendered":"https:\/\/enterateradios.com\/nueva\/influyo-la-reforma-protestante-en-la-mentalidad-cientifica\/"},"modified":"2025-10-25T04:51:11","modified_gmt":"2025-10-25T04:51:11","slug":"influyo-la-reforma-protestante-en-la-mentalidad-cientifica","status":"publish","type":"post","link":"https:\/\/enterateradios.com\/nueva\/influyo-la-reforma-protestante-en-la-mentalidad-cientifica\/","title":{"rendered":"\u00bfInfluy\u00f3 la Reforma Protestante en la mentalidad cient\u00edfica?"},"content":{"rendered":"<p> <br \/>\n<\/p>\n<p>NOTICIACRISTIANA.COM.- La Reforma Protestante, iniciada por Mart\u00edn Lutero en 1517, es reconocida universalmente como un punto de inflexi\u00f3n en la historia religiosa de Occidente. Sin embargo, su impacto se extendi\u00f3 mucho m\u00e1s all\u00e1 de la esfera de la teolog\u00eda, permeando la cultura, la pol\u00edtica y, de manera crucial aunque indirecta, el surgimiento de la ciencia [&#8230;]<\/p>\n<p>The post <a rel=\"nofollow\" href=\"https:\/\/noticiacristiana.com\/2025\/10\/influyo-reforma-mentalidad-cientifica\/\">\u00bfInfluy\u00f3 la Reforma Protestante en la mentalidad cient\u00edfica?<\/a> appeared first on <a rel=\"nofollow\" href=\"https:\/\/noticiacristiana.com\">NoticiaCristiana.com<\/a>.<\/p>\n<p><br \/>\n<br \/><a href=\"https:\/\/noticiacristiana.com\/2025\/10\/influyo-reforma-mentalidad-cientifica\/\">Source link <\/a><\/p>\n","protected":false},"excerpt":{"rendered":"<p>NOTICIACRISTIANA.COM.- La Reforma Protestante, iniciada por Mart\u00edn Lutero en 1517, es reconocida universalmente como un punto de inflexi\u00f3n en la historia religiosa de Occidente. Sin embargo, su impacto se extendi\u00f3 mucho m\u00e1s all\u00e1 de la esfera de la teolog\u00eda, permeando la cultura, la pol\u00edtica y, de manera crucial aunque indirecta, el surgimiento de la ciencia [&hellip;]<\/p>\n","protected":false},"author":2,"featured_media":1338,"comment_status":"open","ping_status":"open","sticky":false,"template":"","format":"standard","meta":{"footnotes":""},"categories":[39],"tags":[],"class_list":{"0":"post-1337","1":"post","2":"type-post","3":"status-publish","4":"format-standard","5":"has-post-thumbnail","7":"category-otras-noticias"},"_links":{"self":[{"href":"https:\/\/enterateradios.com\/nueva\/wp-json\/wp\/v2\/posts\/1337","targetHints":{"allow":["GET"]}}],"collection":[{"href":"https:\/\/enterateradios.com\/nueva\/wp-json\/wp\/v2\/posts"}],"about":[{"href":"https:\/\/enterateradios.com\/nueva\/wp-json\/wp\/v2\/types\/post"}],"author":[{"embeddable":true,"href":"https:\/\/enterateradios.com\/nueva\/wp-json\/wp\/v2\/users\/2"}],"replies":[{"embeddable":true,"href":"https:\/\/enterateradios.com\/nueva\/wp-json\/wp\/v2\/comments?post=1337"}],"version-history":[{"count":0,"href":"https:\/\/enterateradios.com\/nueva\/wp-json\/wp\/v2\/posts\/1337\/revisions"}],"wp:featuredmedia":[{"embeddable":true,"href":"https:\/\/enterateradios.com\/nueva\/wp-json\/wp\/v2\/media\/1338"}],"wp:attachment":[{"href":"https:\/\/enterateradios.com\/nueva\/wp-json\/wp\/v2\/media?parent=1337"}],"wp:term":[{"taxonomy":"category","embeddable":true,"href":"https:\/\/enterateradios.com\/nueva\/wp-json\/wp\/v2\/categories?post=1337"},{"taxonomy":"post_tag","embeddable":true,"href":"https:\/\/enterateradios.com\/nueva\/wp-json\/wp\/v2\/tags?post=1337"}],"curies":[{"name":"wp","href":"https:\/\/api.w.org\/{rel}","templated":true}]}}