{"id":1349,"date":"2025-11-02T04:51:12","date_gmt":"2025-11-02T04:51:12","guid":{"rendered":"https:\/\/enterateradios.com\/nueva\/justin-bieber-llama-a-jesus-el-rey-de-mi-corazon\/"},"modified":"2025-11-02T04:51:12","modified_gmt":"2025-11-02T04:51:12","slug":"justin-bieber-llama-a-jesus-el-rey-de-mi-corazon","status":"publish","type":"post","link":"https:\/\/enterateradios.com\/nueva\/justin-bieber-llama-a-jesus-el-rey-de-mi-corazon\/","title":{"rendered":"Justin Bieber llama a Jes\u00fas \u201cEl Rey de mi Coraz\u00f3n\u201d"},"content":{"rendered":"<p> <br \/>\n<\/p>\n<p>NOTICIACRISTIANA.COM- La estrella del pop Justin Bieber, de 31 a\u00f1os, volvi\u00f3 a expresar p\u00fablicamente su fe en Jesucristo, a quien describi\u00f3 como \u201cel rey del mundo, el rey de Hollywood y el rey de mi coraz\u00f3n\u201d, durante una transmisi\u00f3n en vivo el viernes junto a varios amigos. En la conversaci\u00f3n, que mezcl\u00f3 momentos de reflexi\u00f3n [&#8230;]<\/p>\n<p>The post <a rel=\"nofollow\" href=\"https:\/\/noticiacristiana.com\/2025\/11\/justin-bieber-jesus-rey-corazon\/\">Justin Bieber llama a Jes\u00fas \u201cEl Rey de mi Coraz\u00f3n\u201d<\/a> appeared first on <a rel=\"nofollow\" href=\"https:\/\/noticiacristiana.com\">NoticiaCristiana.com<\/a>.<\/p>\n<p><br \/>\n<br \/><a href=\"https:\/\/noticiacristiana.com\/2025\/11\/justin-bieber-jesus-rey-corazon\/\">Source link <\/a><\/p>\n","protected":false},"excerpt":{"rendered":"<p>NOTICIACRISTIANA.COM- La estrella del pop Justin Bieber, de 31 a\u00f1os, volvi\u00f3 a expresar p\u00fablicamente su fe en Jesucristo, a quien describi\u00f3 como \u201cel rey del mundo, el rey de Hollywood y el rey de mi coraz\u00f3n\u201d, durante una transmisi\u00f3n en vivo el viernes junto a varios amigos. En la conversaci\u00f3n, que mezcl\u00f3 momentos de reflexi\u00f3n [&hellip;]<\/p>\n","protected":false},"author":2,"featured_media":1350,"comment_status":"open","ping_status":"open","sticky":false,"template":"","format":"standard","meta":{"footnotes":""},"categories":[39],"tags":[],"class_list":{"0":"post-1349","1":"post","2":"type-post","3":"status-publish","4":"format-standard","5":"has-post-thumbnail","7":"category-otras-noticias"},"_links":{"self":[{"href":"https:\/\/enterateradios.com\/nueva\/wp-json\/wp\/v2\/posts\/1349","targetHints":{"allow":["GET"]}}],"collection":[{"href":"https:\/\/enterateradios.com\/nueva\/wp-json\/wp\/v2\/posts"}],"about":[{"href":"https:\/\/enterateradios.com\/nueva\/wp-json\/wp\/v2\/types\/post"}],"author":[{"embeddable":true,"href":"https:\/\/enterateradios.com\/nueva\/wp-json\/wp\/v2\/users\/2"}],"replies":[{"embeddable":true,"href":"https:\/\/enterateradios.com\/nueva\/wp-json\/wp\/v2\/comments?post=1349"}],"version-history":[{"count":0,"href":"https:\/\/enterateradios.com\/nueva\/wp-json\/wp\/v2\/posts\/1349\/revisions"}],"wp:featuredmedia":[{"embeddable":true,"href":"https:\/\/enterateradios.com\/nueva\/wp-json\/wp\/v2\/media\/1350"}],"wp:attachment":[{"href":"https:\/\/enterateradios.com\/nueva\/wp-json\/wp\/v2\/media?parent=1349"}],"wp:term":[{"taxonomy":"category","embeddable":true,"href":"https:\/\/enterateradios.com\/nueva\/wp-json\/wp\/v2\/categories?post=1349"},{"taxonomy":"post_tag","embeddable":true,"href":"https:\/\/enterateradios.com\/nueva\/wp-json\/wp\/v2\/tags?post=1349"}],"curies":[{"name":"wp","href":"https:\/\/api.w.org\/{rel}","templated":true}]}}