{"id":1389,"date":"2025-11-23T04:51:12","date_gmt":"2025-11-23T04:51:12","guid":{"rendered":"https:\/\/enterateradios.com\/nueva\/misionero-informa-de-la-conversion-de-musulmanes-al-cristianismo-en-europa-acontecer-cristiano\/"},"modified":"2025-11-23T04:51:12","modified_gmt":"2025-11-23T04:51:12","slug":"misionero-informa-de-la-conversion-de-musulmanes-al-cristianismo-en-europa-acontecer-cristiano","status":"publish","type":"post","link":"https:\/\/enterateradios.com\/nueva\/misionero-informa-de-la-conversion-de-musulmanes-al-cristianismo-en-europa-acontecer-cristiano\/","title":{"rendered":"Misionero informa de la conversi\u00f3n de musulmanes al cristianismo en Europa &#8211; Acontecer Cristiano"},"content":{"rendered":"<p> <br \/>\n<\/p>\n<p>Los musulmanes en Europa <b>est\u00e1n cada vez m\u00e1s abiertos al Evangelio<\/b> y muchos de ellos est\u00e1n aceptando a Cristo como Salvador, seg\u00fan informa un misionero sobre su <b>labor evangelizadora en Inglaterra.<\/b><\/p>\n<div>\u00c1quila Dantas, misionero brasile\u00f1o afiliado a la <a href=\"https:\/\/missoesmundiais.com.br\/noticias\/europa\/947-entre-muculmanos-na-europa\" target=\"_blank\">Junta Mundial de Misiones<\/a>, inform\u00f3 de conversiones al cristianismo entre musulmanes. En un comunicado difundido por la organizaci\u00f3n, Dantas describi\u00f3 c\u00f3mo el establecimiento de una alianza con una congregaci\u00f3n local <b>ha brindado oportunidades para difundir el mensaje cristiano a este segmento religioso<\/b>.<\/div>\n<div>\n<p>Durante una visita a la nueva iglesia, el equipo misionero registr\u00f3 la <b>conversi\u00f3n de un joven iran\u00ed<\/b>. \u00abEscuch\u00f3 hablar de Jes\u00fas y le entreg\u00f3 su vida\u00bb, afirm\u00f3 el misionero, citando un ejemplo entre los musulmanes locales .<\/p>\n<\/div>\n<div>\n<p>\u201cOy\u00f3 hablar de Jes\u00fas y le entreg\u00f3 su vida\u201d, dijo el misionero al sitio web de la Junta Mundial de Misiones.<\/p>\n<p>Seg\u00fan Aquila, el joven <b>est\u00e1 siendo discipulado <\/b>y aprendiendo a compartir el Evangelio. Recientemente, <b>un amigo afgano del joven tambi\u00e9n decidi\u00f3 seguir a Cristo.\u00a0<\/b><\/p>\n<p>\u201cOren por su decisi\u00f3n, por su bautismo y por su crecimiento espiritual. Alabamos a Dios por este precioso fruto y por el poder transformador del Evangelio\u201d, dijo \u00c1quila.<\/p>\n<p>El misionero present\u00f3 datos contextuales que indicaban que <b>aproximadamente el 15% de la poblaci\u00f3n de Londres profesa el islam<\/b>. Citando estudios sociol\u00f3gicos, mencion\u00f3 que un segmento de entre el 2% y el 3,5% de los grupos organizados puede influir en transformaciones sociales significativas.<\/p>\n<p>\u201cEsto es lo que vemos con frecuencia en los medios de comunicaci\u00f3n sobre la realidad de <b>la islamizaci\u00f3n de la Europa postcristiana<\/b>. Con un n\u00famero tan grande de musulmanes, estamos en contacto con ellos todos los d\u00edas\u201d, inform\u00f3.\u00a0<\/p>\n<p>Y continu\u00f3: \u201cCada d\u00eda vemos c\u00f3mo se abren puertas para hablar de la vida, de la fe, de la familia y de <b>la espiritualidad<\/b>. A diferencia de la realidad en sus pa\u00edses de origen, aqu\u00ed podemos hablar, sin restricciones, de qui\u00e9n es Issa al Masih [Jesucristo]\u201d.\u00a0<\/p>\n<p>A pesar de la apertura espiritual, Aquila se\u00f1al\u00f3 que <b>muchos todav\u00eda no quieren o\u00edr hablar de Jes\u00fas<\/b>, pero otros sienten curiosidad y sed de saber m\u00e1s.\u00a0<\/p>\n<p>\u201cLa semana pasada, tomamos t\u00e9 y hablamos sobre estos temas con dos familias, una de Pakist\u00e1n y la otra de Sud\u00e1n. Oren por ellas, <b>para que abran los ojos a Dios<\/b>\u201d, dijo.\u00a0<\/p>\n<p>\u201cAqu\u00ed los campos est\u00e1n blancos, listos para la cosecha. \u00a1Oren por m\u00e1s obreros! Por m\u00e1s oportunidades, sabidur\u00eda y valent\u00eda para nosotros y nuestros socios nacionales con quienes recorremos este camino. <b>Oren por la obra misionera en Inglaterra y en toda Europa<\/b>. Por su fidelidad y por su gloria\u201d, concluy\u00f3.<\/p>\n<\/div>\n<p><script>(function(d, s, id) {\n  var js, fjs = d.getElementsByTagName(s)[0];\n  if (d.getElementById(id)) {return;}\n  js = d.createElement(s); js.id = id;\n  js.src = \"\/\/connect.facebook.net\/es_LA\/all.js#xfbml=1\";\n  fjs.parentNode.insertBefore(js, fjs);\n}(document, 'script', 'facebook-jssdk'));<\/script><br \/>\n<br \/><br \/>\n<br \/><a href=\"https:\/\/www.acontecercristiano.net\/2025\/11\/misionero-informa-de-la-conversion-de.html\">Source link <\/a><\/p>\n","protected":false},"excerpt":{"rendered":"<p>Los musulmanes en Europa est\u00e1n cada vez m\u00e1s abiertos al Evangelio y muchos de ellos est\u00e1n aceptando a Cristo como Salvador, seg\u00fan informa un misionero sobre su labor evangelizadora en Inglaterra. \u00c1quila Dantas, misionero brasile\u00f1o afiliado a la Junta Mundial de Misiones, inform\u00f3 de conversiones al cristianismo entre musulmanes. En un comunicado difundido por la [&hellip;]<\/p>\n","protected":false},"author":2,"featured_media":1390,"comment_status":"open","ping_status":"open","sticky":false,"template":"","format":"standard","meta":{"footnotes":""},"categories":[27],"tags":[],"class_list":{"0":"post-1389","1":"post","2":"type-post","3":"status-publish","4":"format-standard","5":"has-post-thumbnail","7":"category-cristianas"},"_links":{"self":[{"href":"https:\/\/enterateradios.com\/nueva\/wp-json\/wp\/v2\/posts\/1389","targetHints":{"allow":["GET"]}}],"collection":[{"href":"https:\/\/enterateradios.com\/nueva\/wp-json\/wp\/v2\/posts"}],"about":[{"href":"https:\/\/enterateradios.com\/nueva\/wp-json\/wp\/v2\/types\/post"}],"author":[{"embeddable":true,"href":"https:\/\/enterateradios.com\/nueva\/wp-json\/wp\/v2\/users\/2"}],"replies":[{"embeddable":true,"href":"https:\/\/enterateradios.com\/nueva\/wp-json\/wp\/v2\/comments?post=1389"}],"version-history":[{"count":0,"href":"https:\/\/enterateradios.com\/nueva\/wp-json\/wp\/v2\/posts\/1389\/revisions"}],"wp:featuredmedia":[{"embeddable":true,"href":"https:\/\/enterateradios.com\/nueva\/wp-json\/wp\/v2\/media\/1390"}],"wp:attachment":[{"href":"https:\/\/enterateradios.com\/nueva\/wp-json\/wp\/v2\/media?parent=1389"}],"wp:term":[{"taxonomy":"category","embeddable":true,"href":"https:\/\/enterateradios.com\/nueva\/wp-json\/wp\/v2\/categories?post=1389"},{"taxonomy":"post_tag","embeddable":true,"href":"https:\/\/enterateradios.com\/nueva\/wp-json\/wp\/v2\/tags?post=1389"}],"curies":[{"name":"wp","href":"https:\/\/api.w.org\/{rel}","templated":true}]}}