{"id":1395,"date":"2025-11-26T04:51:11","date_gmt":"2025-11-26T04:51:11","guid":{"rendered":"https:\/\/enterateradios.com\/nueva\/el-cristiano-y-las-dudas-es-malo-cuestionar\/"},"modified":"2025-11-26T04:51:11","modified_gmt":"2025-11-26T04:51:11","slug":"el-cristiano-y-las-dudas-es-malo-cuestionar","status":"publish","type":"post","link":"https:\/\/enterateradios.com\/nueva\/el-cristiano-y-las-dudas-es-malo-cuestionar\/","title":{"rendered":"El cristiano y las dudas: \u00bfEs malo cuestionar?"},"content":{"rendered":"<p> <br \/>\n<\/p>\n<p>NOTICIACRISTIANA.COM.- En el viaje de la fe cristiana, pocas experiencias son tan universales y, a la vez, tan angustiosas como la aparici\u00f3n de las dudas. Frente a este fen\u00f3meno, muchos creyentes se sienten culpables, creyendo que cuestionar es un pecado, una demostraci\u00f3n de fe d\u00e9bil. Por el contrario, son una parte natural del camino de [&#8230;]<\/p>\n<p>The post <a rel=\"nofollow\" href=\"https:\/\/noticiacristiana.com\/2025\/11\/cristiano-dudas-es-malo-cuestionar\/\">El cristiano y las dudas: \u00bfEs malo cuestionar?<\/a> appeared first on <a rel=\"nofollow\" href=\"https:\/\/noticiacristiana.com\">NoticiaCristiana.com<\/a>.<\/p>\n<p><br \/>\n<br \/><a href=\"https:\/\/noticiacristiana.com\/2025\/11\/cristiano-dudas-es-malo-cuestionar\/\">Source link <\/a><\/p>\n","protected":false},"excerpt":{"rendered":"<p>NOTICIACRISTIANA.COM.- En el viaje de la fe cristiana, pocas experiencias son tan universales y, a la vez, tan angustiosas como la aparici\u00f3n de las dudas. Frente a este fen\u00f3meno, muchos creyentes se sienten culpables, creyendo que cuestionar es un pecado, una demostraci\u00f3n de fe d\u00e9bil. Por el contrario, son una parte natural del camino de [&hellip;]<\/p>\n","protected":false},"author":2,"featured_media":1396,"comment_status":"open","ping_status":"open","sticky":false,"template":"","format":"standard","meta":{"footnotes":""},"categories":[39],"tags":[],"class_list":{"0":"post-1395","1":"post","2":"type-post","3":"status-publish","4":"format-standard","5":"has-post-thumbnail","7":"category-otras-noticias"},"_links":{"self":[{"href":"https:\/\/enterateradios.com\/nueva\/wp-json\/wp\/v2\/posts\/1395","targetHints":{"allow":["GET"]}}],"collection":[{"href":"https:\/\/enterateradios.com\/nueva\/wp-json\/wp\/v2\/posts"}],"about":[{"href":"https:\/\/enterateradios.com\/nueva\/wp-json\/wp\/v2\/types\/post"}],"author":[{"embeddable":true,"href":"https:\/\/enterateradios.com\/nueva\/wp-json\/wp\/v2\/users\/2"}],"replies":[{"embeddable":true,"href":"https:\/\/enterateradios.com\/nueva\/wp-json\/wp\/v2\/comments?post=1395"}],"version-history":[{"count":0,"href":"https:\/\/enterateradios.com\/nueva\/wp-json\/wp\/v2\/posts\/1395\/revisions"}],"wp:featuredmedia":[{"embeddable":true,"href":"https:\/\/enterateradios.com\/nueva\/wp-json\/wp\/v2\/media\/1396"}],"wp:attachment":[{"href":"https:\/\/enterateradios.com\/nueva\/wp-json\/wp\/v2\/media?parent=1395"}],"wp:term":[{"taxonomy":"category","embeddable":true,"href":"https:\/\/enterateradios.com\/nueva\/wp-json\/wp\/v2\/categories?post=1395"},{"taxonomy":"post_tag","embeddable":true,"href":"https:\/\/enterateradios.com\/nueva\/wp-json\/wp\/v2\/tags?post=1395"}],"curies":[{"name":"wp","href":"https:\/\/api.w.org\/{rel}","templated":true}]}}