{"id":1401,"date":"2025-11-29T04:51:22","date_gmt":"2025-11-29T04:51:22","guid":{"rendered":"https:\/\/enterateradios.com\/nueva\/mas-de-mil-jovenes-evangelizan-en-madrid-y-decenas-aceptan-a-jesus-vivimos-un-despertar-acontecer-cristiano\/"},"modified":"2025-11-29T04:51:22","modified_gmt":"2025-11-29T04:51:22","slug":"mas-de-mil-jovenes-evangelizan-en-madrid-y-decenas-aceptan-a-jesus-vivimos-un-despertar-acontecer-cristiano","status":"publish","type":"post","link":"https:\/\/enterateradios.com\/nueva\/mas-de-mil-jovenes-evangelizan-en-madrid-y-decenas-aceptan-a-jesus-vivimos-un-despertar-acontecer-cristiano\/","title":{"rendered":"M\u00e1s de mil j\u00f3venes evangelizan en Madrid y decenas aceptan a Jes\u00fas: \u00abVivimos un despertar\u00bb &#8211; Acontecer Cristiano"},"content":{"rendered":"<p> <br \/>\n<\/p>\n<div id=\"post-body-5864938185002237298\" itemprop=\"articleBody\">\n<meta content=\"M\u00e1s de mil j\u00f3venes de la capital espa\u00f1ola y de diversas provincias del pa\u00eds se reunieron con el prop\u00f3sito de llevar la \u201c luz del Evangelio \u201d...\" name=\"twitter:description\"\/><\/p>\n<div class=\"separator\" style=\"clear: both; text-align: center;\"><img decoding=\"async\" alt=\"Miles de j\u00f3venes evangelizan por las calles de Madrid, Espa\u00f1a\" border=\"0\" data-original-height=\"560\" data-original-width=\"940\" src=\"https:\/\/blogger.googleusercontent.com\/img\/b\/R29vZ2xl\/AVvXsEjxZK_trVQO5OYI06LFp5OYIZcJaopyBeHmmGSTngYEa0oAvzSrYrXyc_28iM9N77zs8N7c2B3vTDU0MCA0IyW3Rdlww1HnJ4k8hKAt-63_PI_-VEwlvvOf1d9BEIGXWeGMqCPMa3DFUGuPTIxHKiE87MhB9tpPDZ30OxN4FQ5IjVjLEVnOXqaA-XJYKU78\/s16000-rw\/jovenes-evangelismo-madrid.jpg\" title=\"M\u00e1s de mil j\u00f3venes evangelizan en Madrid y decenas aceptan a Jes\u00fas: &quot;Vivimos un despertar&quot;\"\/><\/div>\n<div>\n<p>M\u00e1s de mil j\u00f3venes de la capital espa\u00f1ola y de diversas provincias del pa\u00eds se reunieron con el prop\u00f3sito de llevar la \u201c<b>luz del Evangelio<\/b>\u201d a las calles de Madrid, donde decenas de personas aceptaron a Jes\u00fas. \u00ab<b>Cuando la luz de Cristo brilla en una ciudad, la oscuridad se retira<\/b>\u201d.<\/p>\n<p>El evento, organizado por el movimiento juvenil \u201cLumen Fest\u201d (<b>Festival de la Luz<\/b>), comenz\u00f3 a las 18:00 horas y dur\u00f3 hasta aproximadamente las 23:00.<\/p>\n<p>Durante el encuentro, celebrado el viernes por la noche (31 de octubre, fecha en que se celebra Halloween), los participantes <b>se dividieron en grupos para evangelizar en lugares emblem\u00e1ticos de la ciudad<\/b>, como la Plaza de Espa\u00f1a, la Plaza Mayor, la Puerta del Sol, Callao y Chueca.<\/p>\n<p>A las 8 de la noche, todos los grupos se reunieron en la Plaza de Espa\u00f1a para proclamar el Evangelio y adorar a Dios, en un momento de unidad que se convirti\u00f3 en <b>testimonio p\u00fablico de fe<\/b>.<\/p>\n<p>Los organizadores destacaron que <b>23 personas decidieron entregar sus vidas a Jes\u00fas durante el evento.<\/b><\/p>\n<p>\u201cLo que vivimos en las calles de Madrid fue un <b>despertar<\/b>. Una generaci\u00f3n que se alza con convicci\u00f3n, no con emoci\u00f3n. Porque cuando la luz de Cristo brilla en una ciudad, la oscuridad se disipa\u201d, escribi\u00f3 la organizaci\u00f3n en Instagram.<\/p>\n<p><b>El movimiento interdenominacional est\u00e1 formado por j\u00f3venes cristianos evang\u00e9licos en Espa\u00f1a.<\/b><\/p>\n<p>Seg\u00fan la organizaci\u00f3n, el objetivo es <b>capacitar a los j\u00f3venes para la evangelizaci\u00f3n<\/b> y llevar el mensaje del Evangelio a las calles de Madrid, con la visi\u00f3n de expandirse a otras provincias del pa\u00eds.<\/p>\n<p>D\u00edas antes del \u00abLumen Fest\u00bb, se llevaron a cabo sesiones de capacitaci\u00f3n en evangelizaci\u00f3n y oraci\u00f3n, que reunieron a m\u00e1s de 700 personas dedicadas a la intercesi\u00f3n y a m\u00e1s de<b> 800 dispuestas a salir a las calles a evangelizar<\/b>.<\/p>\n<p>Los organizadores del evento est\u00e1n planeando <b>nuevos encuentros evangel\u00edsticos<\/b> en fechas significativas para la sociedad, dirigidos por un equipo compuesto por evangelistas, j\u00f3venes pastores e influencers digitales.<\/p>\n<\/div>\n<p><a href=\"https:\/\/www.acontecercristiano.net\/2025\/11\/mas-de-mil-jovenes-evangelizan-en.html\" target=\"_blank\"> AcontecerCristiano.Net <\/a>\n<\/div>\n<p><script>(function(d, s, id) {\n  var js, fjs = d.getElementsByTagName(s)[0];\n  if (d.getElementById(id)) {return;}\n  js = d.createElement(s); js.id = id;\n  js.src = \"\/\/connect.facebook.net\/es_LA\/all.js#xfbml=1\";\n  fjs.parentNode.insertBefore(js, fjs);\n}(document, 'script', 'facebook-jssdk'));<\/script><br \/>\n<br \/><br \/>\n<br \/><a href=\"https:\/\/www.acontecercristiano.net\/2025\/11\/mas-de-mil-jovenes-evangelizan-en.html\">Source link <\/a><\/p>\n","protected":false},"excerpt":{"rendered":"<p>M\u00e1s de mil j\u00f3venes de la capital espa\u00f1ola y de diversas provincias del pa\u00eds se reunieron con el prop\u00f3sito de llevar la \u201cluz del Evangelio\u201d a las calles de Madrid, donde decenas de personas aceptaron a Jes\u00fas. \u00abCuando la luz de Cristo brilla en una ciudad, la oscuridad se retira\u201d. El evento, organizado por el [&hellip;]<\/p>\n","protected":false},"author":2,"featured_media":1402,"comment_status":"open","ping_status":"open","sticky":false,"template":"","format":"standard","meta":{"footnotes":""},"categories":[27],"tags":[],"class_list":{"0":"post-1401","1":"post","2":"type-post","3":"status-publish","4":"format-standard","5":"has-post-thumbnail","7":"category-cristianas"},"_links":{"self":[{"href":"https:\/\/enterateradios.com\/nueva\/wp-json\/wp\/v2\/posts\/1401","targetHints":{"allow":["GET"]}}],"collection":[{"href":"https:\/\/enterateradios.com\/nueva\/wp-json\/wp\/v2\/posts"}],"about":[{"href":"https:\/\/enterateradios.com\/nueva\/wp-json\/wp\/v2\/types\/post"}],"author":[{"embeddable":true,"href":"https:\/\/enterateradios.com\/nueva\/wp-json\/wp\/v2\/users\/2"}],"replies":[{"embeddable":true,"href":"https:\/\/enterateradios.com\/nueva\/wp-json\/wp\/v2\/comments?post=1401"}],"version-history":[{"count":0,"href":"https:\/\/enterateradios.com\/nueva\/wp-json\/wp\/v2\/posts\/1401\/revisions"}],"wp:featuredmedia":[{"embeddable":true,"href":"https:\/\/enterateradios.com\/nueva\/wp-json\/wp\/v2\/media\/1402"}],"wp:attachment":[{"href":"https:\/\/enterateradios.com\/nueva\/wp-json\/wp\/v2\/media?parent=1401"}],"wp:term":[{"taxonomy":"category","embeddable":true,"href":"https:\/\/enterateradios.com\/nueva\/wp-json\/wp\/v2\/categories?post=1401"},{"taxonomy":"post_tag","embeddable":true,"href":"https:\/\/enterateradios.com\/nueva\/wp-json\/wp\/v2\/tags?post=1401"}],"curies":[{"name":"wp","href":"https:\/\/api.w.org\/{rel}","templated":true}]}}