{"id":1409,"date":"2025-12-03T04:51:33","date_gmt":"2025-12-03T04:51:33","guid":{"rendered":"https:\/\/enterateradios.com\/nueva\/iglesia-realiza-vigilia-de-oracion-en-puente-ante-el-aumento-de-suicidios-en-el-lugar-acontecer-cristiano\/"},"modified":"2025-12-03T04:51:33","modified_gmt":"2025-12-03T04:51:33","slug":"iglesia-realiza-vigilia-de-oracion-en-puente-ante-el-aumento-de-suicidios-en-el-lugar-acontecer-cristiano","status":"publish","type":"post","link":"https:\/\/enterateradios.com\/nueva\/iglesia-realiza-vigilia-de-oracion-en-puente-ante-el-aumento-de-suicidios-en-el-lugar-acontecer-cristiano\/","title":{"rendered":"Iglesia realiza vigilia de oraci\u00f3n en puente, ante el aumento de suicidios en el lugar &#8211; Acontecer Cristiano"},"content":{"rendered":"<p> <br \/>\n<\/p>\n<div id=\"post-body-6486670373961449793\" itemprop=\"articleBody\">\n<meta content=\"Un grupo de cristianos realiz\u00f3 una vigilia de oraci\u00f3n contra el suicidio  en un puente donde suelen ocurrir este tipo de sucesos. \u201cEl Esp\u00edri...\" name=\"twitter:description\"\/><\/p>\n<div class=\"separator\" style=\"clear: both; text-align: center;\"><img decoding=\"async\" alt=\"Vigilia de oraci\u00f3n en puente contra el suicidio\" border=\"0\" data-original-height=\"562\" data-original-width=\"944\" src=\"https:\/\/blogger.googleusercontent.com\/img\/b\/R29vZ2xl\/AVvXsEilSCaWdCgPYbOjCZ8eh69CaEP_Yg1ReZ2fyaAZdXzc8sbi5odMNXgwyecnojP0zOsCxfYbrGCDeeahrwCtLsiq0BW3gF-mb_1xQFh2VufSBUJCfT0pUHJ6ZunRmUVLEXEOEXXqf8AHeYZAvwtI4mPHhsnP8XLXqK37hc_VtxvYGb9QZ4smTsG_vJ6RIqif\/s16000-rw\/vigilia-de-oracion-en-puente.jpg\" title=\"Iglesia realiza vigilia de oraci\u00f3n en puente, ante el aumento de suicidios en el lugar\"\/><\/div>\n<div>\n<p>Un grupo de cristianos realiz\u00f3 una <b>vigilia de oraci\u00f3n contra el suicidio<\/b> en un puente donde suelen ocurrir este tipo de sucesos. \u201cEl Esp\u00edritu Santo, nos guio a declarar vida,  <b>donde antes reinaba la muerte<\/b>\u201d, dijo el pastor.<\/p>\n<div>Miembros de la Iglesia Asamblea de Dios se reunieron en el puente Jo\u00e3o Agripino de la ciudad de S\u00e3o Bento, Para\u00edba. Brasil, e intercedieron por los residentes que <a href=\"https:\/\/www.acontecercristiano.net\/2019\/01\/pastor-se-suicida-despues-de-batallar-contra-enfermedad.html\">sufren problemas de salud mental<\/a>.\u00a0<\/div>\n<p>Portando Biblias, el grupo de cristianos <b>or\u00f3 con las manos alzadas en el lugar<\/b>. Tambi\u00e9n oraron en otros puntos de la ciudad, reprendiendo todas las acciones malvadas contra las vidas en la regi\u00f3n.<\/p>\n<p>Seg\u00fan la iglesia, el acto se organiz\u00f3 tras un <b>aumento de la violencia y los casos de suicidio en la ciudad en los \u00faltimos d\u00edas.<\/b><\/p>\n<p>\u201cFue un momento marcado por la presencia de Dios, la unidad del pueblo y la fe que mueve monta\u00f1as. Elevamos nuestras voces al cielo, reprendiendo todas las malas acciones, todos los <b>esp\u00edritus de muerte y suicidio<\/b> que han plagado nuestras vidas\u201d, inform\u00f3 la congregaci\u00f3n en una publicaci\u00f3n de Instagram.<\/p>\n<p>Y enfatiz\u00f3 el poder de la intercesi\u00f3n: \u201cDeclaramos que San Benito pertenece al Se\u00f1or Jesucristo y que donde abund\u00f3 el sufrimiento, la gracia de Dios abundar\u00e1 a\u00fan m\u00e1s. Creemos que la oraci\u00f3n de la Iglesia tiene poder\u201d.<\/p>\n<p>En septiembre, una iglesia de la ciudad de Tubar\u00e3o, en Santa Catarina, tambi\u00e9n celebr\u00f3 una vigilia de oraci\u00f3n en un puente.<\/p>\n<p>Cristianos de la Iglesia Asamblea de Dios se dirigieron a ocho puentes de la ciudad y<b> oraron por las personas que luchan contra la depresi\u00f3n y los pensamientos suicidas.<\/b><\/p>\n<p>Portando un cartel que dec\u00eda \u00ab<b>No al suicidio, s\u00ed a la vida<\/b>\u00ab, los miembros intercedieron con las manos alzadas, pidiendo la salvaci\u00f3n y la liberaci\u00f3n de quienes enfrentan problemas de salud mental.<\/p>\n<\/div>\n<p><a href=\"https:\/\/www.acontecercristiano.net\/2025\/11\/realizo-una-vigilia-de-oracion.html\" target=\"_blank\"> AcontecerCristiano.Net <\/a>\n<\/div>\n<p><script>(function(d, s, id) {\n  var js, fjs = d.getElementsByTagName(s)[0];\n  if (d.getElementById(id)) {return;}\n  js = d.createElement(s); js.id = id;\n  js.src = \"\/\/connect.facebook.net\/es_LA\/all.js#xfbml=1\";\n  fjs.parentNode.insertBefore(js, fjs);\n}(document, 'script', 'facebook-jssdk'));<\/script><br \/>\n<br \/><br \/>\n<br \/><a href=\"https:\/\/www.acontecercristiano.net\/2025\/11\/realizo-una-vigilia-de-oracion.html\">Source link <\/a><\/p>\n","protected":false},"excerpt":{"rendered":"<p>Un grupo de cristianos realiz\u00f3 una vigilia de oraci\u00f3n contra el suicidio en un puente donde suelen ocurrir este tipo de sucesos. \u201cEl Esp\u00edritu Santo, nos guio a declarar vida, donde antes reinaba la muerte\u201d, dijo el pastor. Miembros de la Iglesia Asamblea de Dios se reunieron en el puente Jo\u00e3o Agripino de la ciudad [&hellip;]<\/p>\n","protected":false},"author":2,"featured_media":1410,"comment_status":"open","ping_status":"open","sticky":false,"template":"","format":"standard","meta":{"footnotes":""},"categories":[27],"tags":[],"class_list":{"0":"post-1409","1":"post","2":"type-post","3":"status-publish","4":"format-standard","5":"has-post-thumbnail","7":"category-cristianas"},"_links":{"self":[{"href":"https:\/\/enterateradios.com\/nueva\/wp-json\/wp\/v2\/posts\/1409","targetHints":{"allow":["GET"]}}],"collection":[{"href":"https:\/\/enterateradios.com\/nueva\/wp-json\/wp\/v2\/posts"}],"about":[{"href":"https:\/\/enterateradios.com\/nueva\/wp-json\/wp\/v2\/types\/post"}],"author":[{"embeddable":true,"href":"https:\/\/enterateradios.com\/nueva\/wp-json\/wp\/v2\/users\/2"}],"replies":[{"embeddable":true,"href":"https:\/\/enterateradios.com\/nueva\/wp-json\/wp\/v2\/comments?post=1409"}],"version-history":[{"count":0,"href":"https:\/\/enterateradios.com\/nueva\/wp-json\/wp\/v2\/posts\/1409\/revisions"}],"wp:featuredmedia":[{"embeddable":true,"href":"https:\/\/enterateradios.com\/nueva\/wp-json\/wp\/v2\/media\/1410"}],"wp:attachment":[{"href":"https:\/\/enterateradios.com\/nueva\/wp-json\/wp\/v2\/media?parent=1409"}],"wp:term":[{"taxonomy":"category","embeddable":true,"href":"https:\/\/enterateradios.com\/nueva\/wp-json\/wp\/v2\/categories?post=1409"},{"taxonomy":"post_tag","embeddable":true,"href":"https:\/\/enterateradios.com\/nueva\/wp-json\/wp\/v2\/tags?post=1409"}],"curies":[{"name":"wp","href":"https:\/\/api.w.org\/{rel}","templated":true}]}}