{"id":1421,"date":"2025-12-09T04:51:13","date_gmt":"2025-12-09T04:51:13","guid":{"rendered":"https:\/\/enterateradios.com\/nueva\/el-vaticano-afirma-que-maria-no-es-corredentora-solo-cristo-es-el-unico-redentor-y-mediador-acontecer-cristiano\/"},"modified":"2025-12-09T04:51:13","modified_gmt":"2025-12-09T04:51:13","slug":"el-vaticano-afirma-que-maria-no-es-corredentora-solo-cristo-es-el-unico-redentor-y-mediador-acontecer-cristiano","status":"publish","type":"post","link":"https:\/\/enterateradios.com\/nueva\/el-vaticano-afirma-que-maria-no-es-corredentora-solo-cristo-es-el-unico-redentor-y-mediador-acontecer-cristiano\/","title":{"rendered":"El Vaticano afirma que Mar\u00eda no es \u00abcorredentora\u00bb, solo Cristo es el \u00fanico redentor y mediador &#8211; Acontecer Cristiano"},"content":{"rendered":"<p> <br \/>\n<\/p>\n<div id=\"post-body-325557587918710320\" itemprop=\"articleBody\">\n<meta content=\"El Vaticano hizo una revisi\u00f3n terminol\u00f3gica y actualizaci\u00f3n pastoral para mantener a Cristo en el centro de la salvaci\u00f3n, negando a Mar\u00eda el...\" name=\"twitter:description\"\/><\/p>\n<div class=\"separator\" style=\"clear: both; text-align: center;\"><img decoding=\"async\" alt=\"El Vaticano y la doctrina de la Virgen Mar\u00eda\" border=\"0\" data-original-height=\"515\" data-original-width=\"917\" src=\"https:\/\/blogger.googleusercontent.com\/img\/b\/R29vZ2xl\/AVvXsEjEkbXsM-64VsU5TD5jaSiA7U2juS-lGnxpAT9BQMf_wNewTXTIPWncFOii15cULNwA431mn82i6LvKiYhZOK7WJ6r_NaLS9y0xLkgW7k9GfYDqvmhNpO_4uJfU5MiKqhVWax-txRKgvRj8EoDPp_aL8oL4XXZhlWZh_KMTR2_KWOF4eUllrh9r83mtTfoL\/s16000-rw\/el-vaticano-doctrina-maria.jpg\" title=\"El Vaticano afirma que Mar\u00eda no es &quot;corredentora&quot;, solo Cristo es el \u00fanico redentor y mediador\"\/><\/div>\n<div>\n<p>El Vaticano hizo una revisi\u00f3n terminol\u00f3gica y actualizaci\u00f3n pastoral para mantener a Cristo en el centro de la salvaci\u00f3n, <b>negando a Mar\u00eda el t\u00edtulo de corredentora y mediadora<\/b>: \u00abCristo es el \u00fanico mediador\u00bb, afirma la Nota Doctrinal.<\/p>\n<p>El Dicasterio para la Doctrina de la Fe, public\u00f3 este martes (04) la Nota Doctrinal \u201cMater Populi Fidelis\u201d (La Madre de los Fieles), aprobada por el Papa Le\u00f3n XIV , aclarando los t\u00edtulos atribuidos a la &#8216;Virgen Mar\u00eda&#8217; y <b>reafirmando la centralidad de Cristo en la obra de la salvaci\u00f3n.<\/b><\/p>\n<p>El documento reconoce t\u00edtulos como \u00abMadre de los Fieles\u00bb, \u00abMadre Espiritual\u00bb y \u00abMadre de los Creyentes\u00bb, que expresan la maternidad espiritual de Mar\u00eda, pero <b>rechaza el uso del t\u00edtulo \u00abCorredentora\u00bb.<\/b><\/p>\n<div>El <a href=\"https:\/\/www.vaticannews.va\/en\/vatican-city\/news\/2025-11\/doctrinal-note-mother-of-the-faithful-not-co-redemptrix.html\">comunicado oficial<\/a> considera que <b>el t\u00e9rmino \u00abcorredentora\u00bb podr\u00eda generar confusi\u00f3n, al sugerir que Mar\u00eda tendr\u00eda un papel igual al de Cristo en la redenci\u00f3n<\/b>.<\/div>\n<p>La declaraci\u00f3n enfatiza que <b>Jesucristo es el \u00fanico Mediador y Salvador<\/b>, y que Mar\u00eda coopera de una manera \u00fanica, pero siempre subordinada.<\/p>\n<p>&#8216;Teol\u00f3gicamente problem\u00e1tico&#8217;<\/p>\n<p>Tambi\u00e9n se analiza el t\u00e9rmino \u00abMediador\u00bb, que puede aceptarse en un sentido restringido, indicando intercesi\u00f3n, pero no como una fuente independiente de gracia.<\/p>\n<p>Expresiones como \u00ab<b>Mediadora de todas las gracias<\/b>\u00bb se consideran teol\u00f3gicamente problem\u00e1ticas si se entienden en sentido absoluto.<\/p>\n<p>\u00abLa declaraci\u00f3n b\u00edblica sobre la mediaci\u00f3n exclusiva de Cristo es concluyente. <b>Cristo es el \u00fanico mediador<\/b>\u00ab, afirma la declaraci\u00f3n.<\/p>\n<p>Seg\u00fan el texto, la decisi\u00f3n busca<b> evitar malas interpretaciones en la catequesis<\/b> y la devoci\u00f3n popular, as\u00ed como promover el di\u00e1logo ecum\u00e9nico con otras tradiciones cristianas que rechazan t\u00edtulos como \u00abcorredentora\u00bb.<\/p>\n<p>El documento recuerda que el Concilio Vaticano II y papas anteriores ya hab\u00edan evitado definir este t\u00edtulo como dogma.<\/p>\n<p>La Nota Doctrinal, aprobada por el Papa el 7 de octubre, est\u00e1 firmada por el prefecto, el cardenal V\u00edctor Manuel Fern\u00e1ndez, y por el secretario de la Secci\u00f3n Doctrinal del Dicasterio, monse\u00f1or Armando Matteo.<\/p>\n<\/div>\n<p><a href=\"https:\/\/www.acontecercristiano.net\/2025\/11\/el-vaticano-afirma-que-maria-no-es.html\" target=\"_blank\"> AcontecerCristiano.Net <\/a>\n<\/div>\n<p><script>(function(d, s, id) {\n  var js, fjs = d.getElementsByTagName(s)[0];\n  if (d.getElementById(id)) {return;}\n  js = d.createElement(s); js.id = id;\n  js.src = \"\/\/connect.facebook.net\/es_LA\/all.js#xfbml=1\";\n  fjs.parentNode.insertBefore(js, fjs);\n}(document, 'script', 'facebook-jssdk'));<\/script><br \/>\n<br \/><br \/>\n<br \/><a href=\"https:\/\/www.acontecercristiano.net\/2025\/11\/el-vaticano-afirma-que-maria-no-es.html\">Source link <\/a><\/p>\n","protected":false},"excerpt":{"rendered":"<p>El Vaticano hizo una revisi\u00f3n terminol\u00f3gica y actualizaci\u00f3n pastoral para mantener a Cristo en el centro de la salvaci\u00f3n, negando a Mar\u00eda el t\u00edtulo de corredentora y mediadora: \u00abCristo es el \u00fanico mediador\u00bb, afirma la Nota Doctrinal. El Dicasterio para la Doctrina de la Fe, public\u00f3 este martes (04) la Nota Doctrinal \u201cMater Populi Fidelis\u201d [&hellip;]<\/p>\n","protected":false},"author":2,"featured_media":1422,"comment_status":"open","ping_status":"open","sticky":false,"template":"","format":"standard","meta":{"footnotes":""},"categories":[27],"tags":[],"class_list":{"0":"post-1421","1":"post","2":"type-post","3":"status-publish","4":"format-standard","5":"has-post-thumbnail","7":"category-cristianas"},"_links":{"self":[{"href":"https:\/\/enterateradios.com\/nueva\/wp-json\/wp\/v2\/posts\/1421","targetHints":{"allow":["GET"]}}],"collection":[{"href":"https:\/\/enterateradios.com\/nueva\/wp-json\/wp\/v2\/posts"}],"about":[{"href":"https:\/\/enterateradios.com\/nueva\/wp-json\/wp\/v2\/types\/post"}],"author":[{"embeddable":true,"href":"https:\/\/enterateradios.com\/nueva\/wp-json\/wp\/v2\/users\/2"}],"replies":[{"embeddable":true,"href":"https:\/\/enterateradios.com\/nueva\/wp-json\/wp\/v2\/comments?post=1421"}],"version-history":[{"count":0,"href":"https:\/\/enterateradios.com\/nueva\/wp-json\/wp\/v2\/posts\/1421\/revisions"}],"wp:featuredmedia":[{"embeddable":true,"href":"https:\/\/enterateradios.com\/nueva\/wp-json\/wp\/v2\/media\/1422"}],"wp:attachment":[{"href":"https:\/\/enterateradios.com\/nueva\/wp-json\/wp\/v2\/media?parent=1421"}],"wp:term":[{"taxonomy":"category","embeddable":true,"href":"https:\/\/enterateradios.com\/nueva\/wp-json\/wp\/v2\/categories?post=1421"},{"taxonomy":"post_tag","embeddable":true,"href":"https:\/\/enterateradios.com\/nueva\/wp-json\/wp\/v2\/tags?post=1421"}],"curies":[{"name":"wp","href":"https:\/\/api.w.org\/{rel}","templated":true}]}}