{"id":1441,"date":"2025-12-19T04:51:13","date_gmt":"2025-12-19T04:51:13","guid":{"rendered":"https:\/\/enterateradios.com\/nueva\/conor-mcgregor-declara-su-fe-soy-salvo-y-vivo-por-la-palabra-de-dios-acontecer-cristiano\/"},"modified":"2025-12-19T04:51:13","modified_gmt":"2025-12-19T04:51:13","slug":"conor-mcgregor-declara-su-fe-soy-salvo-y-vivo-por-la-palabra-de-dios-acontecer-cristiano","status":"publish","type":"post","link":"https:\/\/enterateradios.com\/nueva\/conor-mcgregor-declara-su-fe-soy-salvo-y-vivo-por-la-palabra-de-dios-acontecer-cristiano\/","title":{"rendered":"Conor McGregor declara su fe: \u00abSoy salvo y vivo por la Palabra de Dios\u00bb &#8211; Acontecer Cristiano"},"content":{"rendered":"<p> <br \/>\n<\/p>\n<div id=\"post-body-169476028638374535\" itemprop=\"articleBody\">\n<meta content=\"Conor McGregor habl\u00f3 de su fe y  dio testimonio de su relaci\u00f3n con Jes\u00fas  durante una conferencia de prensa. \u201cNo estoy aqu\u00ed por casualidad. ...\" name=\"twitter:description\"\/><\/p>\n<div class=\"separator\" style=\"clear: both; text-align: center;\"><img decoding=\"async\" alt=\"Conor McGregor en rueda de prensa\" border=\"0\" data-original-height=\"610\" data-original-width=\"952\" src=\"https:\/\/blogger.googleusercontent.com\/img\/b\/R29vZ2xl\/AVvXsEgFPgIXYSjHiXtYDgXp5CQFYnNv9SG1VlWFcXIoD8PrvoDJNN-qeMs8S8bafUBBhs1ZUt9fnXaNwjyeiYF_Mu46AaXdSGMLQenfBRImiLzu5F-4S4CTLHa5hjvXzodNqow-epmYnD-lK9Hl2u2mZ2AyyfxtuTtxFFNJFdjqOYuxxL8gl2lrJhg0kA36V-KM\/s16000-rw\/conor-mcgregor-rueda-de-prensa.jpg\" title=\"Conor McGregor declara su fe: &quot;Soy salvo y vivo por la Palabra de Dios&quot;\"\/><\/div>\n<div>\n<p>Conor McGregor habl\u00f3 de su fe y<b> dio testimonio de su relaci\u00f3n con Jes\u00fas<\/b> durante una conferencia de prensa. \u201cNo estoy aqu\u00ed por casualidad. Hay un poder superior, Dios, que dicta mi camino y el de todos nosotros\u201d, declar\u00f3 el luchador de artes marciales mixtas.<\/p>\n<p>Durante una conferencia de prensa en el Bare Knuckle Fighting Championship (BKFC) Italia, la edici\u00f3n italiana de la principal liga mundial de boxeo a pu\u00f1o limpio, McGregor <b>habl\u00f3 abiertamente sobre su fe y un proceso de renacimiento espiritual<\/b>: \u00abHe estado en un viaje espiritual. Estoy salvado, estoy sanado\u00bb, afirm\u00f3.\u00a0<\/p>\n<p>\u201cNo estoy aqu\u00ed por casualidad. Hay un poder superior, Dios, que dicta mi camino y el de todos nosotros. Y <b>vivo mi vida seg\u00fan la Palabra de Dios<\/b>\u201d, declar\u00f3.<\/p>\n<p>Respecto a esta nueva etapa de su carrera, dijo: \u201cEl mundo est\u00e1 a punto de quedar impresionado; mi esp\u00edritu competitivo, que una vez estuvo en mi coraz\u00f3n, ahora es una llama ardiente. As\u00ed que estoy muy emocionado\u201d.<\/p>\n<p>\u201c\u00bfSabes?, envidio a estos hombres y a los que est\u00e1n aqu\u00ed en el escenario. Est\u00e1n a punto de dar el peso, van a entrar, divertirse y hacer lo que tienen que hacer. Igual que yo, que tambi\u00e9n tengo que hacer eso; estoy deseando volver\u201d, a\u00f1adi\u00f3.<\/p>\n<p>El excampe\u00f3n de dos divisiones de la UFC <b>reflexion\u00f3 sobre el poder transformador del Evangelio<\/b> tras recibir una suspensi\u00f3n de 18 meses del programa antidopaje de la UFC.<\/p>\n<p>Hace a\u00f1os, la carrera del luchador tambi\u00e9n se caracteriz\u00f3 por declaraciones pol\u00e9micas. En 2015, Conor McGregor gener\u00f3 controversia al afirmar que ni siquiera Jesucristo podr\u00eda derrotarlo en el oct\u00e1gono.\u00a0<\/p>\n<p>\u00ab\u00bfYo contra Jes\u00fas en el oct\u00e1gono? (Risas). No hay nadie vivo que pueda vencerme, pero Jes\u00fas no est\u00e1 vivo, as\u00ed que no s\u00e9, quiz\u00e1 pueda resucitar, no lo s\u00e9. Aun as\u00ed, le dar\u00eda una paliza\u00bb, declar\u00f3 McGregor en una entrevista con TMZ Sports en aquel entonces.<\/p>\n<p>Tras esta declaraci\u00f3n, se convirti\u00f3 en blanco de cr\u00edticas. Sin embargo, tambi\u00e9n se convirti\u00f3 en el centro de las oraciones de muchos cristianos. Hoy en d\u00eda, al parecer McGregor ha enmendado su camino y reconoce plenamente el poder transformador de Dios en su vida.<\/p>\n<\/div>\n<p><a href=\"https:\/\/www.acontecercristiano.net\/2025\/11\/conor-mcgregor-declara-su-fe-soy-salvo.html\" target=\"_blank\"> AcontecerCristiano.Net <\/a>\n<\/div>\n<p><script>(function(d, s, id) {\n  var js, fjs = d.getElementsByTagName(s)[0];\n  if (d.getElementById(id)) {return;}\n  js = d.createElement(s); js.id = id;\n  js.src = \"\/\/connect.facebook.net\/es_LA\/all.js#xfbml=1\";\n  fjs.parentNode.insertBefore(js, fjs);\n}(document, 'script', 'facebook-jssdk'));<\/script><br \/>\n<br \/><br \/>\n<br \/><a href=\"https:\/\/www.acontecercristiano.net\/2025\/11\/conor-mcgregor-declara-su-fe-soy-salvo.html\">Source link <\/a><\/p>\n","protected":false},"excerpt":{"rendered":"<p>Conor McGregor habl\u00f3 de su fe y dio testimonio de su relaci\u00f3n con Jes\u00fas durante una conferencia de prensa. \u201cNo estoy aqu\u00ed por casualidad. Hay un poder superior, Dios, que dicta mi camino y el de todos nosotros\u201d, declar\u00f3 el luchador de artes marciales mixtas. Durante una conferencia de prensa en el Bare Knuckle Fighting [&hellip;]<\/p>\n","protected":false},"author":2,"featured_media":1442,"comment_status":"open","ping_status":"open","sticky":false,"template":"","format":"standard","meta":{"footnotes":""},"categories":[27],"tags":[],"class_list":{"0":"post-1441","1":"post","2":"type-post","3":"status-publish","4":"format-standard","5":"has-post-thumbnail","7":"category-cristianas"},"_links":{"self":[{"href":"https:\/\/enterateradios.com\/nueva\/wp-json\/wp\/v2\/posts\/1441","targetHints":{"allow":["GET"]}}],"collection":[{"href":"https:\/\/enterateradios.com\/nueva\/wp-json\/wp\/v2\/posts"}],"about":[{"href":"https:\/\/enterateradios.com\/nueva\/wp-json\/wp\/v2\/types\/post"}],"author":[{"embeddable":true,"href":"https:\/\/enterateradios.com\/nueva\/wp-json\/wp\/v2\/users\/2"}],"replies":[{"embeddable":true,"href":"https:\/\/enterateradios.com\/nueva\/wp-json\/wp\/v2\/comments?post=1441"}],"version-history":[{"count":0,"href":"https:\/\/enterateradios.com\/nueva\/wp-json\/wp\/v2\/posts\/1441\/revisions"}],"wp:featuredmedia":[{"embeddable":true,"href":"https:\/\/enterateradios.com\/nueva\/wp-json\/wp\/v2\/media\/1442"}],"wp:attachment":[{"href":"https:\/\/enterateradios.com\/nueva\/wp-json\/wp\/v2\/media?parent=1441"}],"wp:term":[{"taxonomy":"category","embeddable":true,"href":"https:\/\/enterateradios.com\/nueva\/wp-json\/wp\/v2\/categories?post=1441"},{"taxonomy":"post_tag","embeddable":true,"href":"https:\/\/enterateradios.com\/nueva\/wp-json\/wp\/v2\/tags?post=1441"}],"curies":[{"name":"wp","href":"https:\/\/api.w.org\/{rel}","templated":true}]}}