{"id":1445,"date":"2025-12-21T04:51:13","date_gmt":"2025-12-21T04:51:13","guid":{"rendered":"https:\/\/enterateradios.com\/nueva\/mas-de-mil-cristianos-evangelizan-en-un-centro-comercial-y-llevan-almas-a-jesus-acontecer-cristiano\/"},"modified":"2025-12-21T04:51:13","modified_gmt":"2025-12-21T04:51:13","slug":"mas-de-mil-cristianos-evangelizan-en-un-centro-comercial-y-llevan-almas-a-jesus-acontecer-cristiano","status":"publish","type":"post","link":"https:\/\/enterateradios.com\/nueva\/mas-de-mil-cristianos-evangelizan-en-un-centro-comercial-y-llevan-almas-a-jesus-acontecer-cristiano\/","title":{"rendered":"M\u00e1s de mil cristianos evangelizan en un centro comercial y llevan almas a Jes\u00fas &#8211; Acontecer Cristiano"},"content":{"rendered":"<p> <br \/>\n<\/p>\n<div id=\"post-body-4854664186823952501\" itemprop=\"articleBody\">\n<meta content=\"El evangelista y m\u00e1s de mil cristianos  realizaron una acci\u00f3n evangel\u00edstica en un centro comercial. Acompa\u00f1ado por una orquesta comenz\u00f3 a ca...\" name=\"twitter:description\"\/><\/p>\n<div class=\"separator\" style=\"clear: both; text-align: center;\"><img decoding=\"async\" alt=\"Evangelista y ciento de cristianos evangelizan en centro comercial\" border=\"0\" data-original-height=\"547\" data-original-width=\"918\" src=\"https:\/\/blogger.googleusercontent.com\/img\/b\/R29vZ2xl\/AVvXsEjo2aIZP9kLuqWD2iD1CXGFawWOs0Md6k-kPYqrBZYs6v7eXMu3Mk6duXAahWm0OTgI4cL0uKlulff_-BtaVvGFCcuDVpGtpVaHUbeCF-a8g_9tvOVMwoylGHGY-aTVyc-o84UviVu0N-9dsV0VCmxFagBYNgcKo_TFsDj-2BfMp9it083Yi4O6Teb9ioVJ\/s16000-rw\/evangelismo-en-centro-comercial.jpg\" title=\"M\u00e1s de mil cristianos evangelizan en un centro comercial y llevan almas a Jes\u00fas\"\/><\/div>\n<div>\n<p>El evangelista y m\u00e1s de <b>mil cristianos<\/b> realizaron una acci\u00f3n evangel\u00edstica en un centro comercial. Acompa\u00f1ado por una orquesta comenz\u00f3 a cantar alabanzas, captando la atenci\u00f3n del p\u00fablico; luego<b> todos se unieron en oraci\u00f3n, formando un enorme coro.<\/b><\/p>\n<p>El evangelista brasile\u00f1o, Allan Machado, realiz\u00f3 un acto evangel\u00edstico con unos mil cristianos en un centro comercial de la ciudad de Florian\u00f3polis, en el estado de Santa Catarina .<\/p>\n<p>Los cristianos, <b>estuvieron dispersos por las distintas plantas del centro comercial<\/b> Beiramar. El ambiente estaba impregnado de la gloria de Dios, y muchas personas que paseaban por la zona se vieron <b>profundamente conmovidas<\/b>.<\/p>\n<p>\u201cLo que comenz\u00f3 como una simple acci\u00f3n espont\u00e1nea se convirti\u00f3 en un <b>acto divino<\/b>. Tuvo lugar un movimiento prof\u00e9tico: el Cielo toc\u00f3 la tierra y la presencia de Dios transform\u00f3 el ambiente\u201d, relat\u00f3 Allan en una publicaci\u00f3n de Instagram.<\/p>\n<p><b>El evangelista dirigi\u00f3 el culto y predic\u00f3 el mensaje de salvaci\u00f3n en Jes\u00fas.\u00a0<\/b><\/p>\n<p>\u201cNo estamos hablando de una religi\u00f3n, no estamos aqu\u00ed para hablar de un letrero de iglesia, sino de un Dios que, hace m\u00e1s de 2.000 a\u00f1os, no usurp\u00f3 la igualdad con Dios, sino que <b>tom\u00f3 forma humana y nos am\u00f3<\/b>\u201d, predic\u00f3.<\/p>\n<p>\u00abEl peso de la muerte ha sido reemplazado por la gloria de Dios.\u00bb<\/p>\n<p>Seg\u00fan Allan, ya se han registrado casos de suicidio en el centro comercial. \u00ab<b>En un lugar donde resonaba la muerte, trajimos vida<\/b>. Donde el suicidio se cobraba vidas y la desesperanza parec\u00eda reinar, fuimos llamados a proclamar la vida, y la <b>vida en abundancia<\/b>\u00ab, afirm\u00f3.<\/p>\n<p>Los cristianos oraron por aquellos que hab\u00edan sido tocados por Dios, y<b> muchos aceptaron a Cristo como su Salvador.<\/b><\/p>\n<p>\u201cLa presencia de Dios se manifest\u00f3 de una manera poderosa. El peso de la muerte fue reemplazado por la gloria de Dios, y miles de vidas fueron impactadas; muchas de ellas recibieron a Jes\u00fas como su Salvador\u201d, testific\u00f3 Allan.<\/p>\n<p>\u201c<b>Nosotros fuimos all\u00ed a cantar, pero Dios fue all\u00ed a transformar<\/b>. Nosotros fuimos a proclamar, y el Cielo se abri\u00f3 sobre ese lugar\u201d, concluy\u00f3 Allan.<\/p>\n<\/div>\n<p><iframe allowfullscreen=\"true\" allowtransparency=\"true\" class=\"instagram-media instagram-media-rendered\" data-instgrm-payload-id=\"instagram-media-payload-0\" frameborder=\"0\" height=\"1329\" id=\"instagram-embed-0\" scrolling=\"no\" src=\"https:\/\/www.instagram.com\/reel\/DPgxmo3DeHX\/embed\/captioned\/?cr=1&amp;v=14&amp;wp=677&amp;rd=https%3A%2F%2Fguiame.com.br&amp;rp=%2Fgospel%2Fmissoes-acao-social%2Fmais-de-1000-cristaos-evangelizam-shopping-com-flash-mob-e-levam-vidas-jesus.html%3Ffbclid%3DIwY2xjawNuP3NleHRuA2FlbQIxMQABHhqigBYcM5DdirtQJCg8diR0uorGdKmp_ySAS-5h3ZbvwOP-SOmU_#%7B%22ci%22%3A0%2C%22os%22%3A1535.1000000238419%2C%22ls%22%3A1428%2C%22le%22%3A1434.3999999761581%7D\" style=\"background: white; border-color: rgb(219, 219, 219); border-radius: 3px; border-style: solid; border-width: 1px; box-shadow: none; box-sizing: border-box; color: #333333; display: block; font-family: sans-serif; font-size: 14px; margin: 0px 0px 12px; max-width: 540px; min-width: 326px; outline: 0px; padding: 0px; width: calc(100% - 2px);\"><\/iframe><\/p>\n<p><a href=\"https:\/\/www.acontecercristiano.net\/2025\/11\/mas-de-mil-cristianos-evangelizan-en-un.html\" target=\"_blank\"> AcontecerCristiano.Net <\/a>\n<\/div>\n<p><script>(function(d, s, id) {\n  var js, fjs = d.getElementsByTagName(s)[0];\n  if (d.getElementById(id)) {return;}\n  js = d.createElement(s); js.id = id;\n  js.src = \"\/\/connect.facebook.net\/es_LA\/all.js#xfbml=1\";\n  fjs.parentNode.insertBefore(js, fjs);\n}(document, 'script', 'facebook-jssdk'));<\/script><script async src=\"\/\/www.instagram.com\/embed.js\"><\/script><br \/>\n<br \/><br \/>\n<br \/><a href=\"https:\/\/www.acontecercristiano.net\/2025\/11\/mas-de-mil-cristianos-evangelizan-en-un.html\">Source link <\/a><\/p>\n","protected":false},"excerpt":{"rendered":"<p>El evangelista y m\u00e1s de mil cristianos realizaron una acci\u00f3n evangel\u00edstica en un centro comercial. Acompa\u00f1ado por una orquesta comenz\u00f3 a cantar alabanzas, captando la atenci\u00f3n del p\u00fablico; luego todos se unieron en oraci\u00f3n, formando un enorme coro. El evangelista brasile\u00f1o, Allan Machado, realiz\u00f3 un acto evangel\u00edstico con unos mil cristianos en un centro comercial [&hellip;]<\/p>\n","protected":false},"author":2,"featured_media":1446,"comment_status":"open","ping_status":"open","sticky":false,"template":"","format":"standard","meta":{"footnotes":""},"categories":[27],"tags":[],"class_list":{"0":"post-1445","1":"post","2":"type-post","3":"status-publish","4":"format-standard","5":"has-post-thumbnail","7":"category-cristianas"},"_links":{"self":[{"href":"https:\/\/enterateradios.com\/nueva\/wp-json\/wp\/v2\/posts\/1445","targetHints":{"allow":["GET"]}}],"collection":[{"href":"https:\/\/enterateradios.com\/nueva\/wp-json\/wp\/v2\/posts"}],"about":[{"href":"https:\/\/enterateradios.com\/nueva\/wp-json\/wp\/v2\/types\/post"}],"author":[{"embeddable":true,"href":"https:\/\/enterateradios.com\/nueva\/wp-json\/wp\/v2\/users\/2"}],"replies":[{"embeddable":true,"href":"https:\/\/enterateradios.com\/nueva\/wp-json\/wp\/v2\/comments?post=1445"}],"version-history":[{"count":0,"href":"https:\/\/enterateradios.com\/nueva\/wp-json\/wp\/v2\/posts\/1445\/revisions"}],"wp:featuredmedia":[{"embeddable":true,"href":"https:\/\/enterateradios.com\/nueva\/wp-json\/wp\/v2\/media\/1446"}],"wp:attachment":[{"href":"https:\/\/enterateradios.com\/nueva\/wp-json\/wp\/v2\/media?parent=1445"}],"wp:term":[{"taxonomy":"category","embeddable":true,"href":"https:\/\/enterateradios.com\/nueva\/wp-json\/wp\/v2\/categories?post=1445"},{"taxonomy":"post_tag","embeddable":true,"href":"https:\/\/enterateradios.com\/nueva\/wp-json\/wp\/v2\/tags?post=1445"}],"curies":[{"name":"wp","href":"https:\/\/api.w.org\/{rel}","templated":true}]}}