{"id":1459,"date":"2026-01-01T04:51:06","date_gmt":"2026-01-01T04:51:06","guid":{"rendered":"https:\/\/enterateradios.com\/nueva\/el-ultimo-dia-una-reflexion-de-gratitud\/"},"modified":"2026-01-01T04:51:06","modified_gmt":"2026-01-01T04:51:06","slug":"el-ultimo-dia-una-reflexion-de-gratitud","status":"publish","type":"post","link":"https:\/\/enterateradios.com\/nueva\/el-ultimo-dia-una-reflexion-de-gratitud\/","title":{"rendered":"El \u00faltimo d\u00eda: Una reflexi\u00f3n de gratitud"},"content":{"rendered":"<p> <br \/>\n<\/p>\n<p>NOTICIACRISTIANA.COM.- Aqu\u00ed estamos, en el umbral. El \u00faltimo d\u00eda del a\u00f1o se despliega como una p\u00e1gina en blanco, pero, antes de escribir en ella, nos volvemos para contemplar la que est\u00e1 a punto de cerrarse. Es inevitable: un suspiro de nostalgia nos envuelve. La mente recorre, como un \u00e1lbum de fotos vivas, los doce meses [&#8230;]<\/p>\n<p>The post <a rel=\"nofollow\" href=\"https:\/\/noticiacristiana.com\/2025\/12\/ultimo-dia-una-reflexion-de-gratitud\/\">El \u00faltimo d\u00eda: Una reflexi\u00f3n de gratitud<\/a> appeared first on <a rel=\"nofollow\" href=\"https:\/\/noticiacristiana.com\">NoticiaCristiana.com<\/a>.<\/p>\n<p><br \/>\n<br \/><a href=\"https:\/\/noticiacristiana.com\/2025\/12\/ultimo-dia-una-reflexion-de-gratitud\/\">Source link <\/a><\/p>\n","protected":false},"excerpt":{"rendered":"<p>NOTICIACRISTIANA.COM.- Aqu\u00ed estamos, en el umbral. El \u00faltimo d\u00eda del a\u00f1o se despliega como una p\u00e1gina en blanco, pero, antes de escribir en ella, nos volvemos para contemplar la que est\u00e1 a punto de cerrarse. Es inevitable: un suspiro de nostalgia nos envuelve. La mente recorre, como un \u00e1lbum de fotos vivas, los doce meses [&hellip;]<\/p>\n","protected":false},"author":2,"featured_media":1460,"comment_status":"open","ping_status":"open","sticky":false,"template":"","format":"standard","meta":{"footnotes":""},"categories":[39],"tags":[],"class_list":{"0":"post-1459","1":"post","2":"type-post","3":"status-publish","4":"format-standard","5":"has-post-thumbnail","7":"category-otras-noticias"},"_links":{"self":[{"href":"https:\/\/enterateradios.com\/nueva\/wp-json\/wp\/v2\/posts\/1459","targetHints":{"allow":["GET"]}}],"collection":[{"href":"https:\/\/enterateradios.com\/nueva\/wp-json\/wp\/v2\/posts"}],"about":[{"href":"https:\/\/enterateradios.com\/nueva\/wp-json\/wp\/v2\/types\/post"}],"author":[{"embeddable":true,"href":"https:\/\/enterateradios.com\/nueva\/wp-json\/wp\/v2\/users\/2"}],"replies":[{"embeddable":true,"href":"https:\/\/enterateradios.com\/nueva\/wp-json\/wp\/v2\/comments?post=1459"}],"version-history":[{"count":0,"href":"https:\/\/enterateradios.com\/nueva\/wp-json\/wp\/v2\/posts\/1459\/revisions"}],"wp:featuredmedia":[{"embeddable":true,"href":"https:\/\/enterateradios.com\/nueva\/wp-json\/wp\/v2\/media\/1460"}],"wp:attachment":[{"href":"https:\/\/enterateradios.com\/nueva\/wp-json\/wp\/v2\/media?parent=1459"}],"wp:term":[{"taxonomy":"category","embeddable":true,"href":"https:\/\/enterateradios.com\/nueva\/wp-json\/wp\/v2\/categories?post=1459"},{"taxonomy":"post_tag","embeddable":true,"href":"https:\/\/enterateradios.com\/nueva\/wp-json\/wp\/v2\/tags?post=1459"}],"curies":[{"name":"wp","href":"https:\/\/api.w.org\/{rel}","templated":true}]}}