{"id":1471,"date":"2026-01-13T04:51:04","date_gmt":"2026-01-13T04:51:04","guid":{"rendered":"https:\/\/enterateradios.com\/nueva\/vendedor-ambulante-ora-antes-de-iniciar-su-jornada-primero-hablo-con-dios\/"},"modified":"2026-01-13T04:51:04","modified_gmt":"2026-01-13T04:51:04","slug":"vendedor-ambulante-ora-antes-de-iniciar-su-jornada-primero-hablo-con-dios","status":"publish","type":"post","link":"https:\/\/enterateradios.com\/nueva\/vendedor-ambulante-ora-antes-de-iniciar-su-jornada-primero-hablo-con-dios\/","title":{"rendered":"Vendedor ambulante ora antes de iniciar su jornada: \u201cPrimero hablo con Dios\u201d"},"content":{"rendered":"<p> <br \/>\n<\/p>\n<p>NOTICIACRISTIANA.COM- Un vendedor ambulante de caf\u00e9 en el estado de Pernambuco, Brasil, se volvi\u00f3 viral en redes sociales luego de que un video mostrara c\u00f3mo dedicaba su jornada laboral a Dios a trav\u00e9s de la oraci\u00f3n, conmoviendo a miles de personas por su testimonio de fe y sencillez. El hecho ocurri\u00f3 en las calles de [&#8230;]<\/p>\n<p>The post <a rel=\"nofollow\" href=\"https:\/\/noticiacristiana.com\/2026\/01\/vendedor-ambulante-hablo-con-dios\/\">Vendedor ambulante ora antes de iniciar su jornada: \u201cPrimero hablo con Dios\u201d<\/a> appeared first on <a rel=\"nofollow\" href=\"https:\/\/noticiacristiana.com\">NoticiaCristiana.com<\/a>.<\/p>\n<p><br \/>\n<br \/><a href=\"https:\/\/noticiacristiana.com\/2026\/01\/vendedor-ambulante-hablo-con-dios\/\">Source link <\/a><\/p>\n","protected":false},"excerpt":{"rendered":"<p>NOTICIACRISTIANA.COM- Un vendedor ambulante de caf\u00e9 en el estado de Pernambuco, Brasil, se volvi\u00f3 viral en redes sociales luego de que un video mostrara c\u00f3mo dedicaba su jornada laboral a Dios a trav\u00e9s de la oraci\u00f3n, conmoviendo a miles de personas por su testimonio de fe y sencillez. El hecho ocurri\u00f3 en las calles de [&hellip;]<\/p>\n","protected":false},"author":2,"featured_media":1472,"comment_status":"open","ping_status":"open","sticky":false,"template":"","format":"standard","meta":{"footnotes":""},"categories":[39],"tags":[],"class_list":{"0":"post-1471","1":"post","2":"type-post","3":"status-publish","4":"format-standard","5":"has-post-thumbnail","7":"category-otras-noticias"},"_links":{"self":[{"href":"https:\/\/enterateradios.com\/nueva\/wp-json\/wp\/v2\/posts\/1471","targetHints":{"allow":["GET"]}}],"collection":[{"href":"https:\/\/enterateradios.com\/nueva\/wp-json\/wp\/v2\/posts"}],"about":[{"href":"https:\/\/enterateradios.com\/nueva\/wp-json\/wp\/v2\/types\/post"}],"author":[{"embeddable":true,"href":"https:\/\/enterateradios.com\/nueva\/wp-json\/wp\/v2\/users\/2"}],"replies":[{"embeddable":true,"href":"https:\/\/enterateradios.com\/nueva\/wp-json\/wp\/v2\/comments?post=1471"}],"version-history":[{"count":0,"href":"https:\/\/enterateradios.com\/nueva\/wp-json\/wp\/v2\/posts\/1471\/revisions"}],"wp:featuredmedia":[{"embeddable":true,"href":"https:\/\/enterateradios.com\/nueva\/wp-json\/wp\/v2\/media\/1472"}],"wp:attachment":[{"href":"https:\/\/enterateradios.com\/nueva\/wp-json\/wp\/v2\/media?parent=1471"}],"wp:term":[{"taxonomy":"category","embeddable":true,"href":"https:\/\/enterateradios.com\/nueva\/wp-json\/wp\/v2\/categories?post=1471"},{"taxonomy":"post_tag","embeddable":true,"href":"https:\/\/enterateradios.com\/nueva\/wp-json\/wp\/v2\/tags?post=1471"}],"curies":[{"name":"wp","href":"https:\/\/api.w.org\/{rel}","templated":true}]}}