{"id":1483,"date":"2026-01-25T04:51:05","date_gmt":"2026-01-25T04:51:05","guid":{"rendered":"https:\/\/enterateradios.com\/nueva\/javier-milei-pide-al-foro-economico-que-retornen-los-valores-cristianos\/"},"modified":"2026-01-25T04:51:05","modified_gmt":"2026-01-25T04:51:05","slug":"javier-milei-pide-al-foro-economico-que-retornen-los-valores-cristianos","status":"publish","type":"post","link":"https:\/\/enterateradios.com\/nueva\/javier-milei-pide-al-foro-economico-que-retornen-los-valores-cristianos\/","title":{"rendered":"Javier Milei pide al Foro Econ\u00f3mico que retornen los valores cristianos"},"content":{"rendered":"<p> <br \/>\n<\/p>\n<p>NOTICIACRISTIANA.COM- Durante la reuni\u00f3n anual del Foro Econ\u00f3mico Mundial, celebrada este mi\u00e9rcoles 21 de enero en Davos, Suiza, el presidente de Argentina, Javier Milei, pronunci\u00f3 un discurso ante una audiencia de l\u00edderes pol\u00edticos, empresariales y acad\u00e9micos, en el que hizo un llamado directo a Occidente a retomar los valores cristianos como base moral y civilizatoria. [&#8230;]<\/p>\n<p>The post <a rel=\"nofollow\" href=\"https:\/\/noticiacristiana.com\/2026\/01\/javier-milei-valores-cristianos\/\">Javier Milei pide al Foro Econ\u00f3mico que retornen los valores cristianos<\/a> appeared first on <a rel=\"nofollow\" href=\"https:\/\/noticiacristiana.com\">NoticiaCristiana.com<\/a>.<\/p>\n<p><br \/>\n<br \/><a href=\"https:\/\/noticiacristiana.com\/2026\/01\/javier-milei-valores-cristianos\/\">Source link <\/a><\/p>\n","protected":false},"excerpt":{"rendered":"<p>NOTICIACRISTIANA.COM- Durante la reuni\u00f3n anual del Foro Econ\u00f3mico Mundial, celebrada este mi\u00e9rcoles 21 de enero en Davos, Suiza, el presidente de Argentina, Javier Milei, pronunci\u00f3 un discurso ante una audiencia de l\u00edderes pol\u00edticos, empresariales y acad\u00e9micos, en el que hizo un llamado directo a Occidente a retomar los valores cristianos como base moral y civilizatoria. [&hellip;]<\/p>\n","protected":false},"author":2,"featured_media":1484,"comment_status":"open","ping_status":"open","sticky":false,"template":"","format":"standard","meta":{"footnotes":""},"categories":[39],"tags":[],"class_list":{"0":"post-1483","1":"post","2":"type-post","3":"status-publish","4":"format-standard","5":"has-post-thumbnail","7":"category-otras-noticias"},"_links":{"self":[{"href":"https:\/\/enterateradios.com\/nueva\/wp-json\/wp\/v2\/posts\/1483","targetHints":{"allow":["GET"]}}],"collection":[{"href":"https:\/\/enterateradios.com\/nueva\/wp-json\/wp\/v2\/posts"}],"about":[{"href":"https:\/\/enterateradios.com\/nueva\/wp-json\/wp\/v2\/types\/post"}],"author":[{"embeddable":true,"href":"https:\/\/enterateradios.com\/nueva\/wp-json\/wp\/v2\/users\/2"}],"replies":[{"embeddable":true,"href":"https:\/\/enterateradios.com\/nueva\/wp-json\/wp\/v2\/comments?post=1483"}],"version-history":[{"count":0,"href":"https:\/\/enterateradios.com\/nueva\/wp-json\/wp\/v2\/posts\/1483\/revisions"}],"wp:featuredmedia":[{"embeddable":true,"href":"https:\/\/enterateradios.com\/nueva\/wp-json\/wp\/v2\/media\/1484"}],"wp:attachment":[{"href":"https:\/\/enterateradios.com\/nueva\/wp-json\/wp\/v2\/media?parent=1483"}],"wp:term":[{"taxonomy":"category","embeddable":true,"href":"https:\/\/enterateradios.com\/nueva\/wp-json\/wp\/v2\/categories?post=1483"},{"taxonomy":"post_tag","embeddable":true,"href":"https:\/\/enterateradios.com\/nueva\/wp-json\/wp\/v2\/tags?post=1483"}],"curies":[{"name":"wp","href":"https:\/\/api.w.org\/{rel}","templated":true}]}}