{"id":1495,"date":"2026-02-06T04:51:05","date_gmt":"2026-02-06T04:51:05","guid":{"rendered":"https:\/\/enterateradios.com\/nueva\/astronauta-de-la-nasa-comparte-su-fe-jesus-es-la-paz-que-el-mundo-necesita\/"},"modified":"2026-02-06T04:51:05","modified_gmt":"2026-02-06T04:51:05","slug":"astronauta-de-la-nasa-comparte-su-fe-jesus-es-la-paz-que-el-mundo-necesita","status":"publish","type":"post","link":"https:\/\/enterateradios.com\/nueva\/astronauta-de-la-nasa-comparte-su-fe-jesus-es-la-paz-que-el-mundo-necesita\/","title":{"rendered":"Astronauta de la NASA comparte su fe: \u00abJes\u00fas es la paz que el mundo necesita\u00bb"},"content":{"rendered":"<p> <br \/>\n<\/p>\n<p>NOTICIACRISTIANA.COM- La NASA ultima los preparativos para la hist\u00f3rica misi\u00f3n Artemis II, que marcar\u00e1 el regreso de la humanidad a la \u00f3rbita lunar m\u00e1s de 50 a\u00f1os despu\u00e9s del programa Apolo, y entre sus tripulantes destaca V\u00edctor Glover, piloto de la nave y conocido por declarar p\u00fablicamente su fe cristiana. Artemis II, programada para realizarse [&#8230;]<\/p>\n<p>The post <a rel=\"nofollow\" href=\"https:\/\/noticiacristiana.com\/2026\/02\/astronauta-de-la-nasa-comparte-su-fe\/\">Astronauta de la NASA comparte su fe: \u00abJes\u00fas es la paz que el mundo necesita\u00bb<\/a> appeared first on <a rel=\"nofollow\" href=\"https:\/\/noticiacristiana.com\">NoticiaCristiana.com<\/a>.<\/p>\n<p><br \/>\n<br \/><a href=\"https:\/\/noticiacristiana.com\/2026\/02\/astronauta-de-la-nasa-comparte-su-fe\/\">Source link <\/a><\/p>\n","protected":false},"excerpt":{"rendered":"<p>NOTICIACRISTIANA.COM- La NASA ultima los preparativos para la hist\u00f3rica misi\u00f3n Artemis II, que marcar\u00e1 el regreso de la humanidad a la \u00f3rbita lunar m\u00e1s de 50 a\u00f1os despu\u00e9s del programa Apolo, y entre sus tripulantes destaca V\u00edctor Glover, piloto de la nave y conocido por declarar p\u00fablicamente su fe cristiana. Artemis II, programada para realizarse [&hellip;]<\/p>\n","protected":false},"author":2,"featured_media":1496,"comment_status":"open","ping_status":"open","sticky":false,"template":"","format":"standard","meta":{"footnotes":""},"categories":[39],"tags":[],"class_list":{"0":"post-1495","1":"post","2":"type-post","3":"status-publish","4":"format-standard","5":"has-post-thumbnail","7":"category-otras-noticias"},"_links":{"self":[{"href":"https:\/\/enterateradios.com\/nueva\/wp-json\/wp\/v2\/posts\/1495","targetHints":{"allow":["GET"]}}],"collection":[{"href":"https:\/\/enterateradios.com\/nueva\/wp-json\/wp\/v2\/posts"}],"about":[{"href":"https:\/\/enterateradios.com\/nueva\/wp-json\/wp\/v2\/types\/post"}],"author":[{"embeddable":true,"href":"https:\/\/enterateradios.com\/nueva\/wp-json\/wp\/v2\/users\/2"}],"replies":[{"embeddable":true,"href":"https:\/\/enterateradios.com\/nueva\/wp-json\/wp\/v2\/comments?post=1495"}],"version-history":[{"count":0,"href":"https:\/\/enterateradios.com\/nueva\/wp-json\/wp\/v2\/posts\/1495\/revisions"}],"wp:featuredmedia":[{"embeddable":true,"href":"https:\/\/enterateradios.com\/nueva\/wp-json\/wp\/v2\/media\/1496"}],"wp:attachment":[{"href":"https:\/\/enterateradios.com\/nueva\/wp-json\/wp\/v2\/media?parent=1495"}],"wp:term":[{"taxonomy":"category","embeddable":true,"href":"https:\/\/enterateradios.com\/nueva\/wp-json\/wp\/v2\/categories?post=1495"},{"taxonomy":"post_tag","embeddable":true,"href":"https:\/\/enterateradios.com\/nueva\/wp-json\/wp\/v2\/tags?post=1495"}],"curies":[{"name":"wp","href":"https:\/\/api.w.org\/{rel}","templated":true}]}}