{"id":1505,"date":"2026-02-16T04:51:05","date_gmt":"2026-02-16T04:51:05","guid":{"rendered":"https:\/\/enterateradios.com\/nueva\/nino-en-africa-es-agredido-por-tener-padres-cristianos\/"},"modified":"2026-02-16T04:51:05","modified_gmt":"2026-02-16T04:51:05","slug":"nino-en-africa-es-agredido-por-tener-padres-cristianos","status":"publish","type":"post","link":"https:\/\/enterateradios.com\/nueva\/nino-en-africa-es-agredido-por-tener-padres-cristianos\/","title":{"rendered":"Ni\u00f1o en \u00c1frica es agredido por tener padres cristianos"},"content":{"rendered":"<p> <br \/>\n<\/p>\n<p>NOTICIACRISTIANA.COM- Lo que deb\u00eda ser una etapa de aprendizaje y crecimiento se convirti\u00f3 en una experiencia de temor para una familia cristiana en el norte de \u00c1frica, luego de que su hijo de apenas cinco a\u00f1os fuera presuntamente v\u00edctima de agresiones en el entorno escolar debido a su fe. Seg\u00fan el testimonio compartido por el [&#8230;]<\/p>\n<p>The post <a rel=\"nofollow\" href=\"https:\/\/noticiacristiana.com\/2026\/02\/nino-en-africa-padres-cristianos\/\">Ni\u00f1o en \u00c1frica es agredido por tener padres cristianos<\/a> appeared first on <a rel=\"nofollow\" href=\"https:\/\/noticiacristiana.com\">NoticiaCristiana.com<\/a>.<\/p>\n<p><br \/>\n<br \/><a href=\"https:\/\/noticiacristiana.com\/2026\/02\/nino-en-africa-padres-cristianos\/\">Source link <\/a><\/p>\n","protected":false},"excerpt":{"rendered":"<p>NOTICIACRISTIANA.COM- Lo que deb\u00eda ser una etapa de aprendizaje y crecimiento se convirti\u00f3 en una experiencia de temor para una familia cristiana en el norte de \u00c1frica, luego de que su hijo de apenas cinco a\u00f1os fuera presuntamente v\u00edctima de agresiones en el entorno escolar debido a su fe. Seg\u00fan el testimonio compartido por el [&hellip;]<\/p>\n","protected":false},"author":2,"featured_media":1506,"comment_status":"open","ping_status":"open","sticky":false,"template":"","format":"standard","meta":{"footnotes":""},"categories":[39],"tags":[],"class_list":{"0":"post-1505","1":"post","2":"type-post","3":"status-publish","4":"format-standard","5":"has-post-thumbnail","7":"category-otras-noticias"},"_links":{"self":[{"href":"https:\/\/enterateradios.com\/nueva\/wp-json\/wp\/v2\/posts\/1505","targetHints":{"allow":["GET"]}}],"collection":[{"href":"https:\/\/enterateradios.com\/nueva\/wp-json\/wp\/v2\/posts"}],"about":[{"href":"https:\/\/enterateradios.com\/nueva\/wp-json\/wp\/v2\/types\/post"}],"author":[{"embeddable":true,"href":"https:\/\/enterateradios.com\/nueva\/wp-json\/wp\/v2\/users\/2"}],"replies":[{"embeddable":true,"href":"https:\/\/enterateradios.com\/nueva\/wp-json\/wp\/v2\/comments?post=1505"}],"version-history":[{"count":0,"href":"https:\/\/enterateradios.com\/nueva\/wp-json\/wp\/v2\/posts\/1505\/revisions"}],"wp:featuredmedia":[{"embeddable":true,"href":"https:\/\/enterateradios.com\/nueva\/wp-json\/wp\/v2\/media\/1506"}],"wp:attachment":[{"href":"https:\/\/enterateradios.com\/nueva\/wp-json\/wp\/v2\/media?parent=1505"}],"wp:term":[{"taxonomy":"category","embeddable":true,"href":"https:\/\/enterateradios.com\/nueva\/wp-json\/wp\/v2\/categories?post=1505"},{"taxonomy":"post_tag","embeddable":true,"href":"https:\/\/enterateradios.com\/nueva\/wp-json\/wp\/v2\/tags?post=1505"}],"curies":[{"name":"wp","href":"https:\/\/api.w.org\/{rel}","templated":true}]}}