{"id":1525,"date":"2026-03-08T04:51:04","date_gmt":"2026-03-08T04:51:04","guid":{"rendered":"https:\/\/enterateradios.com\/nueva\/militares-estadounidenses-llaman-a-orar-en-medio-del-conflicto-con-iran\/"},"modified":"2026-03-08T04:51:04","modified_gmt":"2026-03-08T04:51:04","slug":"militares-estadounidenses-llaman-a-orar-en-medio-del-conflicto-con-iran","status":"publish","type":"post","link":"https:\/\/enterateradios.com\/nueva\/militares-estadounidenses-llaman-a-orar-en-medio-del-conflicto-con-iran\/","title":{"rendered":"Militares estadounidenses llaman a orar en medio del conflicto con Ir\u00e1n"},"content":{"rendered":"<p> <br \/>\n<\/p>\n<p>NOTICIACRISTIANA.COM- En medio de la creciente tensi\u00f3n en Medio Oriente tras los recientes ataques militares contra Ir\u00e1n, l\u00edderes pol\u00edticos y militares han hecho un llamado a la oraci\u00f3n por las tropas, los l\u00edderes gubernamentales y las decisiones que se est\u00e1n tomando en medio del conflicto. Durante una entrevista con la corresponsal de seguridad nacional de [&#8230;]<\/p>\n<p>The post <a rel=\"nofollow\" href=\"https:\/\/noticiacristiana.com\/2026\/03\/militares-estadounidenses-llamanorar\/\">Militares estadounidenses llaman a orar en medio del conflicto con Ir\u00e1n<\/a> appeared first on <a rel=\"nofollow\" href=\"https:\/\/noticiacristiana.com\">NoticiaCristiana.com<\/a>.<\/p>\n<p><br \/>\n<br \/><a href=\"https:\/\/noticiacristiana.com\/2026\/03\/militares-estadounidenses-llamanorar\/\">Source link <\/a><\/p>\n","protected":false},"excerpt":{"rendered":"<p>NOTICIACRISTIANA.COM- En medio de la creciente tensi\u00f3n en Medio Oriente tras los recientes ataques militares contra Ir\u00e1n, l\u00edderes pol\u00edticos y militares han hecho un llamado a la oraci\u00f3n por las tropas, los l\u00edderes gubernamentales y las decisiones que se est\u00e1n tomando en medio del conflicto. Durante una entrevista con la corresponsal de seguridad nacional de [&hellip;]<\/p>\n","protected":false},"author":2,"featured_media":1526,"comment_status":"open","ping_status":"open","sticky":false,"template":"","format":"standard","meta":{"footnotes":""},"categories":[39],"tags":[],"class_list":{"0":"post-1525","1":"post","2":"type-post","3":"status-publish","4":"format-standard","5":"has-post-thumbnail","7":"category-otras-noticias"},"_links":{"self":[{"href":"https:\/\/enterateradios.com\/nueva\/wp-json\/wp\/v2\/posts\/1525","targetHints":{"allow":["GET"]}}],"collection":[{"href":"https:\/\/enterateradios.com\/nueva\/wp-json\/wp\/v2\/posts"}],"about":[{"href":"https:\/\/enterateradios.com\/nueva\/wp-json\/wp\/v2\/types\/post"}],"author":[{"embeddable":true,"href":"https:\/\/enterateradios.com\/nueva\/wp-json\/wp\/v2\/users\/2"}],"replies":[{"embeddable":true,"href":"https:\/\/enterateradios.com\/nueva\/wp-json\/wp\/v2\/comments?post=1525"}],"version-history":[{"count":0,"href":"https:\/\/enterateradios.com\/nueva\/wp-json\/wp\/v2\/posts\/1525\/revisions"}],"wp:featuredmedia":[{"embeddable":true,"href":"https:\/\/enterateradios.com\/nueva\/wp-json\/wp\/v2\/media\/1526"}],"wp:attachment":[{"href":"https:\/\/enterateradios.com\/nueva\/wp-json\/wp\/v2\/media?parent=1525"}],"wp:term":[{"taxonomy":"category","embeddable":true,"href":"https:\/\/enterateradios.com\/nueva\/wp-json\/wp\/v2\/categories?post=1525"},{"taxonomy":"post_tag","embeddable":true,"href":"https:\/\/enterateradios.com\/nueva\/wp-json\/wp\/v2\/tags?post=1525"}],"curies":[{"name":"wp","href":"https:\/\/api.w.org\/{rel}","templated":true}]}}