{"id":1533,"date":"2026-03-16T04:51:04","date_gmt":"2026-03-16T04:51:04","guid":{"rendered":"https:\/\/enterateradios.com\/nueva\/cristianos-en-iran-ante-guerra-con-eeuu-e-israel-persecucion-divisiones-y-futuro-incierto\/"},"modified":"2026-03-16T04:51:04","modified_gmt":"2026-03-16T04:51:04","slug":"cristianos-en-iran-ante-guerra-con-eeuu-e-israel-persecucion-divisiones-y-futuro-incierto","status":"publish","type":"post","link":"https:\/\/enterateradios.com\/nueva\/cristianos-en-iran-ante-guerra-con-eeuu-e-israel-persecucion-divisiones-y-futuro-incierto\/","title":{"rendered":"Cristianos en Ir\u00e1n ante guerra con EEUU e Israel: persecuci\u00f3n, divisiones y futuro incierto"},"content":{"rendered":"<p> <br \/>\n<\/p>\n<p>NOTICIACRISTIANA.COM.- (Reportaje).- La escalada del conflicto entre la Rep\u00fablica Isl\u00e1mica de Ir\u00e1n, Estados Unidos e Israel ha colocado a la peque\u00f1a pero creciente comunidad de cristianos iran\u00edes en una situaci\u00f3n extremadamente delicada. En medio de protestas internas, ataques militares y una intensa represi\u00f3n estatal, los cristianos del pa\u00eds enfrentan un escenario marcado por el miedo, [&#8230;]<\/p>\n<p>The post <a rel=\"nofollow\" href=\"https:\/\/noticiacristiana.com\/2026\/03\/cristianos-iran-guerra-eeuu-israel\/\">Cristianos en Ir\u00e1n ante guerra con EEUU e Israel: persecuci\u00f3n, divisiones y futuro incierto<\/a> appeared first on <a rel=\"nofollow\" href=\"https:\/\/noticiacristiana.com\">NoticiaCristiana.com<\/a>.<\/p>\n<p><br \/>\n<br \/><a href=\"https:\/\/noticiacristiana.com\/2026\/03\/cristianos-iran-guerra-eeuu-israel\/\">Source link <\/a><\/p>\n","protected":false},"excerpt":{"rendered":"<p>NOTICIACRISTIANA.COM.- (Reportaje).- La escalada del conflicto entre la Rep\u00fablica Isl\u00e1mica de Ir\u00e1n, Estados Unidos e Israel ha colocado a la peque\u00f1a pero creciente comunidad de cristianos iran\u00edes en una situaci\u00f3n extremadamente delicada. En medio de protestas internas, ataques militares y una intensa represi\u00f3n estatal, los cristianos del pa\u00eds enfrentan un escenario marcado por el miedo, [&hellip;]<\/p>\n","protected":false},"author":2,"featured_media":1534,"comment_status":"open","ping_status":"open","sticky":false,"template":"","format":"standard","meta":{"footnotes":""},"categories":[39],"tags":[],"class_list":{"0":"post-1533","1":"post","2":"type-post","3":"status-publish","4":"format-standard","5":"has-post-thumbnail","7":"category-otras-noticias"},"_links":{"self":[{"href":"https:\/\/enterateradios.com\/nueva\/wp-json\/wp\/v2\/posts\/1533","targetHints":{"allow":["GET"]}}],"collection":[{"href":"https:\/\/enterateradios.com\/nueva\/wp-json\/wp\/v2\/posts"}],"about":[{"href":"https:\/\/enterateradios.com\/nueva\/wp-json\/wp\/v2\/types\/post"}],"author":[{"embeddable":true,"href":"https:\/\/enterateradios.com\/nueva\/wp-json\/wp\/v2\/users\/2"}],"replies":[{"embeddable":true,"href":"https:\/\/enterateradios.com\/nueva\/wp-json\/wp\/v2\/comments?post=1533"}],"version-history":[{"count":0,"href":"https:\/\/enterateradios.com\/nueva\/wp-json\/wp\/v2\/posts\/1533\/revisions"}],"wp:featuredmedia":[{"embeddable":true,"href":"https:\/\/enterateradios.com\/nueva\/wp-json\/wp\/v2\/media\/1534"}],"wp:attachment":[{"href":"https:\/\/enterateradios.com\/nueva\/wp-json\/wp\/v2\/media?parent=1533"}],"wp:term":[{"taxonomy":"category","embeddable":true,"href":"https:\/\/enterateradios.com\/nueva\/wp-json\/wp\/v2\/categories?post=1533"},{"taxonomy":"post_tag","embeddable":true,"href":"https:\/\/enterateradios.com\/nueva\/wp-json\/wp\/v2\/tags?post=1533"}],"curies":[{"name":"wp","href":"https:\/\/api.w.org\/{rel}","templated":true}]}}