{"id":1535,"date":"2026-03-18T04:51:03","date_gmt":"2026-03-18T04:51:03","guid":{"rendered":"https:\/\/enterateradios.com\/nueva\/pastor-es-arrestado-en-cuba-despues-de-predicar\/"},"modified":"2026-03-18T04:51:03","modified_gmt":"2026-03-18T04:51:03","slug":"pastor-es-arrestado-en-cuba-despues-de-predicar","status":"publish","type":"post","link":"https:\/\/enterateradios.com\/nueva\/pastor-es-arrestado-en-cuba-despues-de-predicar\/","title":{"rendered":"Pastor es arrestado en Cuba despu\u00e9s de predicar"},"content":{"rendered":"<p> <br \/>\n<\/p>\n<p>NOTICIACRISTIANA.COM- Un nuevo incidente ha encendido las alarmas dentro de la comunidad cristiana en Cuba y ha despertado la atenci\u00f3n de organizaciones internacionales de derechos humanos. Lo que comenz\u00f3 como una jornada habitual de predicaci\u00f3n y conexi\u00f3n espiritual termin\u00f3 en un hecho inesperado: la detenci\u00f3n de un pastor evang\u00e9lico en plena v\u00eda p\u00fablica, sin explicaciones [&#8230;]<\/p>\n<p>The post <a rel=\"nofollow\" href=\"https:\/\/noticiacristiana.com\/2026\/03\/pastor-es-arrestado-en-cuba-predicar\/\">Pastor es arrestado en Cuba despu\u00e9s de predicar<\/a> appeared first on <a rel=\"nofollow\" href=\"https:\/\/noticiacristiana.com\">NoticiaCristiana.com<\/a>.<\/p>\n<p><br \/>\n<br \/><a href=\"https:\/\/noticiacristiana.com\/2026\/03\/pastor-es-arrestado-en-cuba-predicar\/\">Source link <\/a><\/p>\n","protected":false},"excerpt":{"rendered":"<p>NOTICIACRISTIANA.COM- Un nuevo incidente ha encendido las alarmas dentro de la comunidad cristiana en Cuba y ha despertado la atenci\u00f3n de organizaciones internacionales de derechos humanos. Lo que comenz\u00f3 como una jornada habitual de predicaci\u00f3n y conexi\u00f3n espiritual termin\u00f3 en un hecho inesperado: la detenci\u00f3n de un pastor evang\u00e9lico en plena v\u00eda p\u00fablica, sin explicaciones [&hellip;]<\/p>\n","protected":false},"author":2,"featured_media":1536,"comment_status":"open","ping_status":"open","sticky":false,"template":"","format":"standard","meta":{"footnotes":""},"categories":[39],"tags":[],"class_list":{"0":"post-1535","1":"post","2":"type-post","3":"status-publish","4":"format-standard","5":"has-post-thumbnail","7":"category-otras-noticias"},"_links":{"self":[{"href":"https:\/\/enterateradios.com\/nueva\/wp-json\/wp\/v2\/posts\/1535","targetHints":{"allow":["GET"]}}],"collection":[{"href":"https:\/\/enterateradios.com\/nueva\/wp-json\/wp\/v2\/posts"}],"about":[{"href":"https:\/\/enterateradios.com\/nueva\/wp-json\/wp\/v2\/types\/post"}],"author":[{"embeddable":true,"href":"https:\/\/enterateradios.com\/nueva\/wp-json\/wp\/v2\/users\/2"}],"replies":[{"embeddable":true,"href":"https:\/\/enterateradios.com\/nueva\/wp-json\/wp\/v2\/comments?post=1535"}],"version-history":[{"count":0,"href":"https:\/\/enterateradios.com\/nueva\/wp-json\/wp\/v2\/posts\/1535\/revisions"}],"wp:featuredmedia":[{"embeddable":true,"href":"https:\/\/enterateradios.com\/nueva\/wp-json\/wp\/v2\/media\/1536"}],"wp:attachment":[{"href":"https:\/\/enterateradios.com\/nueva\/wp-json\/wp\/v2\/media?parent=1535"}],"wp:term":[{"taxonomy":"category","embeddable":true,"href":"https:\/\/enterateradios.com\/nueva\/wp-json\/wp\/v2\/categories?post=1535"},{"taxonomy":"post_tag","embeddable":true,"href":"https:\/\/enterateradios.com\/nueva\/wp-json\/wp\/v2\/tags?post=1535"}],"curies":[{"name":"wp","href":"https:\/\/api.w.org\/{rel}","templated":true}]}}