{"id":1539,"date":"2026-03-23T04:51:03","date_gmt":"2026-03-23T04:51:03","guid":{"rendered":"https:\/\/enterateradios.com\/nueva\/sara-castellanos-fortalecera-presencia-evangelica-en-la-politica-colombiana\/"},"modified":"2026-03-23T04:51:03","modified_gmt":"2026-03-23T04:51:03","slug":"sara-castellanos-fortalecera-presencia-evangelica-en-la-politica-colombiana","status":"publish","type":"post","link":"https:\/\/enterateradios.com\/nueva\/sara-castellanos-fortalecera-presencia-evangelica-en-la-politica-colombiana\/","title":{"rendered":"Sara Castellanos: \u00bffortalecer\u00e1 presencia evang\u00e9lica en la pol\u00edtica colombiana?"},"content":{"rendered":"<p> <br \/>\n<\/p>\n<p>NOTICIACRISTIANA.COM.- Sara Castellanos fue elegida senadora de Colombia en las elecciones del 8 de marzo de 2026 con m\u00e1s de 100.000 votos. Su victoria consolida el avance del movimiento evang\u00e9lico en la pol\u00edtica nacional. La pastora y l\u00edder cristiana, vinculada a la Misi\u00f3n Carism\u00e1tica Internacional, representa una de las voces m\u00e1s visibles de la agenda [&#8230;]<\/p>\n<p>The post <a rel=\"nofollow\" href=\"https:\/\/noticiacristiana.com\/2026\/03\/sara-castellanos-evangelica-colombia\/\">Sara Castellanos: \u00bffortalecer\u00e1 presencia evang\u00e9lica en la pol\u00edtica colombiana?<\/a> appeared first on <a rel=\"nofollow\" href=\"https:\/\/noticiacristiana.com\">NoticiaCristiana.com<\/a>.<\/p>\n<p><br \/>\n<br \/><a href=\"https:\/\/noticiacristiana.com\/2026\/03\/sara-castellanos-evangelica-colombia\/\">Source link <\/a><\/p>\n","protected":false},"excerpt":{"rendered":"<p>NOTICIACRISTIANA.COM.- Sara Castellanos fue elegida senadora de Colombia en las elecciones del 8 de marzo de 2026 con m\u00e1s de 100.000 votos. Su victoria consolida el avance del movimiento evang\u00e9lico en la pol\u00edtica nacional. La pastora y l\u00edder cristiana, vinculada a la Misi\u00f3n Carism\u00e1tica Internacional, representa una de las voces m\u00e1s visibles de la agenda [&hellip;]<\/p>\n","protected":false},"author":2,"featured_media":1540,"comment_status":"open","ping_status":"open","sticky":false,"template":"","format":"standard","meta":{"footnotes":""},"categories":[39],"tags":[],"class_list":{"0":"post-1539","1":"post","2":"type-post","3":"status-publish","4":"format-standard","5":"has-post-thumbnail","7":"category-otras-noticias"},"_links":{"self":[{"href":"https:\/\/enterateradios.com\/nueva\/wp-json\/wp\/v2\/posts\/1539","targetHints":{"allow":["GET"]}}],"collection":[{"href":"https:\/\/enterateradios.com\/nueva\/wp-json\/wp\/v2\/posts"}],"about":[{"href":"https:\/\/enterateradios.com\/nueva\/wp-json\/wp\/v2\/types\/post"}],"author":[{"embeddable":true,"href":"https:\/\/enterateradios.com\/nueva\/wp-json\/wp\/v2\/users\/2"}],"replies":[{"embeddable":true,"href":"https:\/\/enterateradios.com\/nueva\/wp-json\/wp\/v2\/comments?post=1539"}],"version-history":[{"count":0,"href":"https:\/\/enterateradios.com\/nueva\/wp-json\/wp\/v2\/posts\/1539\/revisions"}],"wp:featuredmedia":[{"embeddable":true,"href":"https:\/\/enterateradios.com\/nueva\/wp-json\/wp\/v2\/media\/1540"}],"wp:attachment":[{"href":"https:\/\/enterateradios.com\/nueva\/wp-json\/wp\/v2\/media?parent=1539"}],"wp:term":[{"taxonomy":"category","embeddable":true,"href":"https:\/\/enterateradios.com\/nueva\/wp-json\/wp\/v2\/categories?post=1539"},{"taxonomy":"post_tag","embeddable":true,"href":"https:\/\/enterateradios.com\/nueva\/wp-json\/wp\/v2\/tags?post=1539"}],"curies":[{"name":"wp","href":"https:\/\/api.w.org\/{rel}","templated":true}]}}