{"id":598,"date":"2024-09-02T15:23:11","date_gmt":"2024-09-02T15:23:11","guid":{"rendered":"https:\/\/enterateradios.com\/nueva\/nayib-bukele-sobre-hamas-esas-bestias-salvajes-no-representan-a-los-palestinos-acontecer-cristiano\/"},"modified":"2024-09-02T15:23:11","modified_gmt":"2024-09-02T15:23:11","slug":"nayib-bukele-sobre-hamas-esas-bestias-salvajes-no-representan-a-los-palestinos-acontecer-cristiano","status":"publish","type":"post","link":"https:\/\/enterateradios.com\/nueva\/nayib-bukele-sobre-hamas-esas-bestias-salvajes-no-representan-a-los-palestinos-acontecer-cristiano\/","title":{"rendered":"Nayib Bukele sobre Ham\u00e1s: \u00abEsas bestias salvajes no representan a los palestinos\u00bb &#8211; Acontecer Cristiano"},"content":{"rendered":"<p> <br \/>\n<\/p>\n<div id=\"post-body-8792869635002801868\" itemprop=\"articleBody\">\n<meta content=\"Nayib Bukele record\u00f3 su ascendencia palestina al comentar sobre el  cruel ataque terrorista de Ham\u00e1s contra Israel : \u201cEsas bestias salvajes ...\" name=\"twitter:description\"\/><\/p>\n<div class=\"separator\" style=\"clear: both; text-align: center;\"><img decoding=\"async\" alt=\"Nayib Bukele comenta sobre terroristas de Ham\u00e1s\" border=\"0\" data-original-height=\"456\" data-original-width=\"776\" src=\"https:\/\/blogger.googleusercontent.com\/img\/b\/R29vZ2xl\/AVvXsEjHxYdb94teOOANrdCXld8ZLwNRvoK3dfL-hK9HRnQ7u7d5U4pg3Ji4dJ6O_ii10LMotyoVkha9G6PELi9bkyrTHpWG927Ssgw_17OB5gcJ4j9Qw3ARRKjJrdfCxs9HKMq-TVeneFOwh3X0UZTWQNSXRlK7-iuU6TEoPOOsIDHQdq5lGsnLwzuseZg04HJL\/s16000\/nayib-bukele-hamas.jpg\" title=\"Nayib Bukele sobre Ham\u00e1s: &quot;Esas bestias salvajes no representan a los palestinos&quot;\"\/><\/div>\n<p>Nayib Bukele record\u00f3 su ascendencia palestina al comentar sobre el<b> cruel ataque terrorista de Ham\u00e1s contra Israel<\/b>: \u201cEsas bestias salvajes no representan a los palestinos\u201d, dijo el mandatario salvadore\u00f1o.<\/p>\n<div>\n<p><b>Bukele calific\u00f3 de criminal al movimiento terrorista Ham\u00e1s<\/b>, por lo que desea su desaparici\u00f3n, luego del mort\u00edfero ataque contra civiles en Israel. \u201cComo<b> salvadore\u00f1o con ascendencia palestina<\/b>, estoy seguro de que lo mejor que le podr\u00eda pasar al pueblo palestino es que Ham\u00e1s desaparezca por completo. <b>Esas bestias salvajes no representan a los palestinos<\/b>\u201d, dijo.<\/p>\n<p>\u00a0<\/p>\n<p>\u201cCualquiera que apoye la causa palestina <b>cometer\u00eda un gran error al ponerse del lado de esos criminales<\/b>. Ser\u00eda como si los salvadore\u00f1os nos hubi\u00e9ramos puesto del lado de los terroristas de la (violenta pandilla Mara Salvatrucha) MS13, s\u00f3lo porque compartimos ancestros o nacionalidad\u201d, subray\u00f3.<\/p>\n<p>En El Salvador, en respuesta a una escalada de <b>87 asesinatos en un fin de semana <\/b>atribuido a las pandillas, desde marzo de 2022, Bukele declar\u00f3 una \u201cguerra\u201d contra esas bandas al amparo de un r\u00e9gimen de excepci\u00f3n, que es cuestionado por diferentes organizaciones de derechos humanos. En casi 18 meses, la medida, que permite detenciones sin orden judicial, suma un poco m\u00e1s de 73.000 presuntos pandilleros detenidos. M\u00e1s de 7.000 inocentes han sido liberados.<\/p>\n<p>En el caso de El Salvador, \u201clo mejor que nos pas\u00f3 como naci\u00f3n fue <b>deshacernos de esos violadores y asesinos<\/b> y dejar que la gente buena prosperara\u201d, coment\u00f3 Bukele.<\/p>\n<p>\u201c<b>Los palestinos deber\u00edan hacer lo mismo: deshacerse de esos animales (Ham\u00e1s)<\/b> y dejar que la gente buena prospere. \u00c9sa es la \u00fanica manera de avanzar\u201d, reflexion\u00f3.<\/p>\n<div>\n<blockquote class=\"twitter-tweet\">\n<p dir=\"ltr\" lang=\"es\">Desde ayer a las 6 AM <a href=\"https:\/\/twitter.com\/hashtag\/Israel?src=hash&amp;ref_src=twsrc%5Etfw\">#Israel<\/a> vive un horror. <\/p>\n<p>600 personas asesinadas, +2.500 cohetes disparados, el n\u00famero de heridos aumenta a cada hora y mujeres, ni\u00f1os y ancianos han sido secuestrados por esta organizaci\u00f3n terrorista inhumana y salvaje. <\/p>\n<p>Esto es una grave violaci\u00f3n a los\u2026 <a href=\"https:\/\/t.co\/ok992LKgCl\">pic.twitter.com\/ok992LKgCl<\/a><\/p>\n<p>\u2014 Israel en Espa\u00f1ol (@IsraelinSpanish) <a href=\"https:\/\/twitter.com\/IsraelinSpanish\/status\/1711052893573251370?ref_src=twsrc%5Etfw\">October 8, 2023<\/a><\/p><\/blockquote><\/div>\n<p>Israel se declar\u00f3 el s\u00e1bado en <b>estado de guerra<\/b>, despu\u00e9s de que Ham\u00e1s lanzara <b>un ataque m\u00faltiple sin precedentes por tierra, mar y aire<\/b>, que tom\u00f3 al pa\u00eds por sorpresa con el lanzamiento de miles de cohetes e incursiones terrestres, donde <b>han masacrado y secuestrado a decenas de israel\u00edes.<\/b><\/p>\n<p>En dos d\u00edas, los muertos en Israel superan los 700 y m\u00e1s de 2.200 heridos, aunque las cifras pueden subir a medida que las tropas israel\u00edes recuperan el control de \u00e1reas tomadas por Ham\u00e1s; mientras que los fuertes bombardeos israel\u00edes de respuesta sobre Gaza han dejado m\u00e1s de 413 muertos y 2.300 heridos.<\/p>\n<\/div>\n<p><a href=\"https:\/\/www.acontecercristiano.net\/2023\/10\/nayib-bukele-sobre-hamas-esas-bestias-salvajes.html\" target=\"_blank\" rel=\"noopener\"> AcontecerCristiano.Net <\/a>\n<\/div>\n<p><script async src=\"\/\/platform.twitter.com\/widgets.js\" charset=\"utf-8\"><\/script><script>(function(d, s, id) {\n  var js, fjs = d.getElementsByTagName(s)[0];\n  if (d.getElementById(id)) {return;}\n  js = d.createElement(s); js.id = id;\n  js.src = \"\/\/connect.facebook.net\/es_LA\/all.js#xfbml=1\";\n  fjs.parentNode.insertBefore(js, fjs);\n}(document, 'script', 'facebook-jssdk'));<\/script><br \/>\n<br \/><br \/>\n<br \/><a href=\"https:\/\/www.acontecercristiano.net\/2023\/10\/nayib-bukele-sobre-hamas-esas-bestias-salvajes.html\">Source link <\/a><\/p>\n","protected":false},"excerpt":{"rendered":"<p>Nayib Bukele record\u00f3 su ascendencia palestina al comentar sobre el cruel ataque terrorista de Ham\u00e1s contra Israel: \u201cEsas bestias salvajes no representan a los palestinos\u201d, dijo el mandatario salvadore\u00f1o. Bukele calific\u00f3 de criminal al movimiento terrorista Ham\u00e1s, por lo que desea su desaparici\u00f3n, luego del mort\u00edfero ataque contra civiles en Israel. \u201cComo salvadore\u00f1o con ascendencia [&hellip;]<\/p>\n","protected":false},"author":2,"featured_media":599,"comment_status":"open","ping_status":"open","sticky":false,"template":"","format":"standard","meta":{"footnotes":""},"categories":[27],"tags":[],"class_list":{"0":"post-598","1":"post","2":"type-post","3":"status-publish","4":"format-standard","5":"has-post-thumbnail","7":"category-cristianas"},"_links":{"self":[{"href":"https:\/\/enterateradios.com\/nueva\/wp-json\/wp\/v2\/posts\/598","targetHints":{"allow":["GET"]}}],"collection":[{"href":"https:\/\/enterateradios.com\/nueva\/wp-json\/wp\/v2\/posts"}],"about":[{"href":"https:\/\/enterateradios.com\/nueva\/wp-json\/wp\/v2\/types\/post"}],"author":[{"embeddable":true,"href":"https:\/\/enterateradios.com\/nueva\/wp-json\/wp\/v2\/users\/2"}],"replies":[{"embeddable":true,"href":"https:\/\/enterateradios.com\/nueva\/wp-json\/wp\/v2\/comments?post=598"}],"version-history":[{"count":0,"href":"https:\/\/enterateradios.com\/nueva\/wp-json\/wp\/v2\/posts\/598\/revisions"}],"wp:featuredmedia":[{"embeddable":true,"href":"https:\/\/enterateradios.com\/nueva\/wp-json\/wp\/v2\/media\/599"}],"wp:attachment":[{"href":"https:\/\/enterateradios.com\/nueva\/wp-json\/wp\/v2\/media?parent=598"}],"wp:term":[{"taxonomy":"category","embeddable":true,"href":"https:\/\/enterateradios.com\/nueva\/wp-json\/wp\/v2\/categories?post=598"},{"taxonomy":"post_tag","embeddable":true,"href":"https:\/\/enterateradios.com\/nueva\/wp-json\/wp\/v2\/tags?post=598"}],"curies":[{"name":"wp","href":"https:\/\/api.w.org\/{rel}","templated":true}]}}