{"id":658,"date":"2024-09-14T04:51:33","date_gmt":"2024-09-14T04:51:33","guid":{"rendered":"https:\/\/enterateradios.com\/nueva\/peru-celebra-el-dia-nacional-de-la-familia\/"},"modified":"2024-09-14T04:51:33","modified_gmt":"2024-09-14T04:51:33","slug":"peru-celebra-el-dia-nacional-de-la-familia","status":"publish","type":"post","link":"https:\/\/enterateradios.com\/nueva\/peru-celebra-el-dia-nacional-de-la-familia\/","title":{"rendered":"Per\u00fa celebra el D\u00eda Nacional de la Familia"},"content":{"rendered":"<p> <br \/>\n<\/p>\n<div>\n<p><iframe style=\"border-radius:12px\" src=\"https:\/\/open.spotify.com\/embed\/episode\/2vIeGAoG5p5U5AD3TwEI77?utm_source=generator\" width=\"100%\" height=\"352\" frameborder=\"0\" allowfullscreen=\"\" allow=\"autoplay; clipboard-write; encrypted-media; fullscreen; picture-in-picture\" loading=\"lazy\"><\/iframe><\/p>\n<p>NOTICIACRISTIANA.COM- \u00a0El \u201cD\u00eda de la <a href=\"https:\/\/noticiacristiana.com\/sociedad\/2024\/09\/seis-alternativas-streaming-familiares-anetflix-disney-plus.html\">Familia<\/a> Peruana\u201d, se celebra el segundo domingo de septiembre, y este a\u00f1o tuvo lugar, el 8 de septiembre.<\/p>\n<p>Seg\u00fan <a href=\"https:\/\/www1.cbn.com\/mundocristiano\/latinoamerica\/2024\/september\/peru-celebro-el-dia-nacional-de-la-familia\" target=\"_blank\" rel=\"noreferrer noopener\">CBN News<\/a>, esta fecha especial, brinda una oportunidad para reflexionar, sobre la importancia de la uni\u00f3n y los lazos familiares, que nos conectan con nuestros seres queridos.<\/p>\n<p>En conmemoraci\u00f3n de este d\u00eda, Milagros Ja\u00faregui de Aguayo, congresista evang\u00e9lica peruana, y defensora de la vida y la familia, organiz\u00f3 una Conferencia Magistral, en el Hemiciclo Porras Barrenechea, del Congreso de la Rep\u00fablica.<\/p>\n<p>El evento, reuni\u00f3 a m\u00e1s de 250 asistentes, y cont\u00f3 con la participaci\u00f3n de destacadas figuras, del \u00e1mbito pol\u00edtico, jur\u00eddico, y acad\u00e9mico, quienes resaltaron el papel trascendental, que cumple la familia en la sociedad.<\/p>\n<p>Entre los asistentes, se encontraban Luz Pacheco, presidenta del Tribunal Constitucional; el congresista Jos\u00e9 Cueto, presidente de la Comisi\u00f3n de Inteligencia; el Dr. Luis Solari, ex presidente del Consejo de Ministros; y el Dr. Eduardo Arana, ministro de Justicia, y Derechos Humanos, entre otros.<\/p>\n<p>Durante su intervenci\u00f3n, el Dr. Eduardo Arana, destac\u00f3 la importancia de la familia, en la formaci\u00f3n de futuros ciudadanos.<\/p>\n<p>\u201cLa familia, tiene un rol muy importante en la pol\u00edtica, porque es en la familia, donde se desarrolla, y se forma al homopol\u00edticus. Destruir la familia, es destruir al futuro ciudadano\u201d, afirm\u00f3.<\/p>\n<p>El \u201cD\u00eda de la Familia Peruana\u201d, no solo es una celebraci\u00f3n, sino tambi\u00e9n un recordatorio, de la importancia de fortalecer los lazos familiares, y de valorar el papel fundamental, que la familia desempe\u00f1a en la construcci\u00f3n, de una sociedad m\u00e1s justa, y solidaria.<\/p>\n<blockquote class=\"instagram-media\" data-instgrm-captioned=\"\" data-instgrm-permalink=\"https:\/\/www.instagram.com\/reel\/C_v-0KWSw2I\/?utm_source=ig_embed&amp;utm_campaign=loading\" data-instgrm-version=\"14\" style=\" background:#FFF; border:0; border-radius:3px; box-shadow:0 0 1px 0 rgba(0,0,0,0.5),0 1px 10px 0 rgba(0,0,0,0.15); margin: 1px; max-width:540px; min-width:326px; padding:0; width:99.375%; width:-webkit-calc(100% - 2px); width:calc(100% - 2px);\"\/>\n<p><iframe loading=\"lazy\" src=\"https:\/\/www.facebook.com\/plugins\/video.php?height=306&amp;href=https%3A%2F%2Fwww.facebook.com%2Fnclatam%2Fvideos%2F1902515276935549%2F&amp;show_text=false&amp;width=560&amp;t=0\" width=\"560\" height=\"306\" style=\"border:none;overflow:hidden\" scrolling=\"no\" frameborder=\"0\" allowfullscreen=\"true\" allow=\"autoplay; clipboard-write; encrypted-media; picture-in-picture; web-share\"><\/iframe><\/p>\n<hr class=\"wp-block-separator has-alpha-channel-opacity\"\/>\n<p>Publicado por: NOTICIACRISTIANA.COM. Agradecemos su fidelidad con nuestro medio de comunicaci\u00f3n. Le invitamos a suscribirse a nuestro bolet\u00edn informativo. Y activar la secci\u00f3n de notificaciones en la portada de nuestra p\u00e1gina web.<\/p>\n<hr class=\"wp-block-separator has-alpha-channel-opacity\"\/>\n\t<\/div>\n<p><script async src=\"\/\/www.instagram.com\/embed.js\"><\/script><br \/>\n<br \/><br \/>\n<br \/><a href=\"https:\/\/noticiacristiana.com\/sociedad\/2024\/09\/peru-celebra-el-dia-nacional-de-la-familia.html\">Source link <\/a><\/p>\n","protected":false},"excerpt":{"rendered":"<p>NOTICIACRISTIANA.COM- \u00a0El \u201cD\u00eda de la Familia Peruana\u201d, se celebra el segundo domingo de septiembre, y este a\u00f1o tuvo lugar, el 8 de septiembre. Seg\u00fan CBN News, esta fecha especial, brinda una oportunidad para reflexionar, sobre la importancia de la uni\u00f3n y los lazos familiares, que nos conectan con nuestros seres queridos. En conmemoraci\u00f3n de este [&hellip;]<\/p>\n","protected":false},"author":2,"featured_media":659,"comment_status":"open","ping_status":"open","sticky":false,"template":"","format":"standard","meta":{"footnotes":""},"categories":[39],"tags":[],"class_list":{"0":"post-658","1":"post","2":"type-post","3":"status-publish","4":"format-standard","5":"has-post-thumbnail","7":"category-otras-noticias"},"_links":{"self":[{"href":"https:\/\/enterateradios.com\/nueva\/wp-json\/wp\/v2\/posts\/658","targetHints":{"allow":["GET"]}}],"collection":[{"href":"https:\/\/enterateradios.com\/nueva\/wp-json\/wp\/v2\/posts"}],"about":[{"href":"https:\/\/enterateradios.com\/nueva\/wp-json\/wp\/v2\/types\/post"}],"author":[{"embeddable":true,"href":"https:\/\/enterateradios.com\/nueva\/wp-json\/wp\/v2\/users\/2"}],"replies":[{"embeddable":true,"href":"https:\/\/enterateradios.com\/nueva\/wp-json\/wp\/v2\/comments?post=658"}],"version-history":[{"count":0,"href":"https:\/\/enterateradios.com\/nueva\/wp-json\/wp\/v2\/posts\/658\/revisions"}],"wp:featuredmedia":[{"embeddable":true,"href":"https:\/\/enterateradios.com\/nueva\/wp-json\/wp\/v2\/media\/659"}],"wp:attachment":[{"href":"https:\/\/enterateradios.com\/nueva\/wp-json\/wp\/v2\/media?parent=658"}],"wp:term":[{"taxonomy":"category","embeddable":true,"href":"https:\/\/enterateradios.com\/nueva\/wp-json\/wp\/v2\/categories?post=658"},{"taxonomy":"post_tag","embeddable":true,"href":"https:\/\/enterateradios.com\/nueva\/wp-json\/wp\/v2\/tags?post=658"}],"curies":[{"name":"wp","href":"https:\/\/api.w.org\/{rel}","templated":true}]}}