{"id":730,"date":"2024-09-29T04:51:26","date_gmt":"2024-09-29T04:51:26","guid":{"rendered":"https:\/\/enterateradios.com\/nueva\/miles-alaban-a-dios-en-barcelona-despues-de-tres-dias-de-evangelismo-en-las-calles-acontecer-cristiano\/"},"modified":"2024-09-29T04:51:26","modified_gmt":"2024-09-29T04:51:26","slug":"miles-alaban-a-dios-en-barcelona-despues-de-tres-dias-de-evangelismo-en-las-calles-acontecer-cristiano","status":"publish","type":"post","link":"https:\/\/enterateradios.com\/nueva\/miles-alaban-a-dios-en-barcelona-despues-de-tres-dias-de-evangelismo-en-las-calles-acontecer-cristiano\/","title":{"rendered":"Miles alaban a Dios en Barcelona despu\u00e9s de tres d\u00edas de evangelismo en las calles &#8211; Acontecer Cristiano"},"content":{"rendered":"<p> <br \/>\n<\/p>\n<div id=\"post-body-4203960283183750974\" itemprop=\"articleBody\">\n<meta content=\"Despu\u00e9s de tres d\u00edas de evangelismo en las calles de Barcelona , m\u00e1s de 5000 personas se reunieron para alabar a Dios en un parque de la ciu...\" name=\"twitter:description\"\/><\/p>\n<div class=\"separator\" style=\"clear: both; text-align: center;\"><img decoding=\"async\" border=\"0\" data-original-height=\"448\" data-original-width=\"769\" src=\"https:\/\/blogger.googleusercontent.com\/img\/b\/R29vZ2xl\/AVvXsEirXvNkBDQjxTjfqufhjOQIavPGAPKRtxUjZPPt7oXEGtVe9hdr1Rnd_IO-C84o6CKppG96jgB6uTYJnSGANWugJLGTlbAV0XiKb-yn2mDyGvBX6SwXnQT6L0HQRPaXeLkcxJXx7HNj7we_VkCYEXaLOG21XhLz-urujiM4H5lF2NVzUMw0mmDJ7S-HmkhW\/s16000\/evento-evangelistico-barcelona.jpg\" title=\"Miles alaban a Dios en Barcelona despu\u00e9s de tres d\u00edas de evangelismo en las calles\"\/><\/div>\n<div>\n<p><b>Despu\u00e9s de tres d\u00edas de evangelismo en las calles de Barcelona<\/b>, m\u00e1s de 5000 personas se reunieron para alabar a Dios en un parque de la ciudad, en el d\u00eda de clausura denominado \u201c<b>Barcelona, \u200b\u200bJes\u00fas te ama<\/b>\u201d.<\/p>\n<p>La multitud se reuni\u00f3 en el Puerto Ol\u00edmpico para una reuni\u00f3n de <b>tres d\u00edas de celebraci\u00f3n, con testimonio y adoraci\u00f3n.<\/b><\/p>\n<p>El evento denominado \u201cBarcelona, \u200b\u200bJes\u00fas te ama\u201d, <b>cont\u00f3 con el apoyo de iglesias evang\u00e9licas de Catalu\u00f1a, as\u00ed como ministerios evang\u00e9licos y misiones nacionales e internacionales.<\/b><\/p>\n<p>\u201cHa sido una gran lucha, pero tambi\u00e9n una gran victoria\u201d, dijo Miguel Leal, uno de los pastores del equipo organizador.<\/p>\n<p>Debido a las elecciones pol\u00edticas en Espa\u00f1a, <b>la difusi\u00f3n de la campa\u00f1a evangel\u00edstica se vio obstaculizad<\/b>a, ya que los partidos pol\u00edticos tienen prioridad en el uso de los espacios p\u00fablicos, por lo que otorgar licencias se convirti\u00f3 en un desaf\u00edo.\u00a0<\/p>\n<p>Los organizadores del evento fueron informados con muy poca antelaci\u00f3n de que tendr\u00edan que cambiar el lugar previsto para la campa\u00f1a.<\/p>\n<p>Aunque Puerto Ol\u00edmpico no era el lugar ideal, debido a las dificultades de acceso por las obras del metro, llegaron cientos, entre diferentes artistas, personas contando sus testimonios y otros participando con un mensaje evangel\u00edstico.<\/p>\n<p>Miguel dijo al sitio de noticias Protestante Digital que <b>algunos pol\u00edticos tambi\u00e9n asistieron al evento final.<\/b><\/p>\n<p>En la ocasi\u00f3n, los organizadores leyeron un manifiesto donde compartieron algunas necesidades que los evang\u00e9licos vienen demandando a las autoridades de la ciudad.<\/p>\n<p>\u201cHasta ahora hemos sido una iglesia invisible en la ciudad, pero hemos tomado la decisi\u00f3n de hacerla visible\u201d, dijeron.\u00a0<\/p>\n<div>Seg\u00fan <a href=\"https:\/\/evangelicalfocus.com\/cities\/22864\/5000-people-celebrate-jesus-in-barcelona\" target=\"_blank\" rel=\"noopener\">Evangelical Focus<\/a>, el pastor explic\u00f3 que <b>las licencias para actividades o iglesias en los \u00faltimos a\u00f1os han sido limitadas en Catalu\u00f1a.<\/b><\/div>\n<p>El acto finaliz\u00f3 con una multitud \u201corando por la ciudad y las autoridades\u201d. Muchos todav\u00eda permanec\u00edan all\u00ed cantando y adorando a Dios.<\/p>\n<p>La gran reuni\u00f3n comenz\u00f3 el 13 de julio y en ambos d\u00edas se ofreci\u00f3 capacitaci\u00f3n en evangelismo que super\u00f3 las expectativas del p\u00fablico, con m\u00e1s de 500 participantes.<\/p>\n<p>Por la noche, los grupos se dividieron para c<b>ompartir el Evangelio en las calles de la ciudad.<\/b><\/p>\n<p>\u201c<b>Fue un impacto para la ciudad ver a tantos j\u00f3venes salir a predicar el Evangelio de Cristo y dar testimonio<\/b>\u201d, dijo el pastor.<\/p>\n<p>Tambi\u00e9n se not\u00f3 la motivaci\u00f3n de las iglesias con la <b>Gran Comisi\u00f3n<\/b>. Muchos se reunieron para dar testimonio p\u00fablico de su fe.<\/p>\n<\/div>\n<p><a href=\"https:\/\/www.acontecercristiano.net\/2023\/09\/miles-alaban-dios-en-barcelona-despues-tres-dias-evangelismo.html\" target=\"_blank\" rel=\"noopener\"> AcontecerCristiano.Net <\/a>\n<\/div>\n<p><script>(function(d, s, id) {\n  var js, fjs = d.getElementsByTagName(s)[0];\n  if (d.getElementById(id)) {return;}\n  js = d.createElement(s); js.id = id;\n  js.src = \"\/\/connect.facebook.net\/es_LA\/all.js#xfbml=1\";\n  fjs.parentNode.insertBefore(js, fjs);\n}(document, 'script', 'facebook-jssdk'));<\/script><br \/>\n<br \/><br \/>\n<br \/><a href=\"https:\/\/www.acontecercristiano.net\/2023\/09\/miles-alaban-dios-en-barcelona-despues-tres-dias-evangelismo.html\">Source link <\/a><\/p>\n","protected":false},"excerpt":{"rendered":"<p>Despu\u00e9s de tres d\u00edas de evangelismo en las calles de Barcelona, m\u00e1s de 5000 personas se reunieron para alabar a Dios en un parque de la ciudad, en el d\u00eda de clausura denominado \u201cBarcelona, \u200b\u200bJes\u00fas te ama\u201d. La multitud se reuni\u00f3 en el Puerto Ol\u00edmpico para una reuni\u00f3n de tres d\u00edas de celebraci\u00f3n, con testimonio [&hellip;]<\/p>\n","protected":false},"author":2,"featured_media":731,"comment_status":"open","ping_status":"open","sticky":false,"template":"","format":"standard","meta":{"footnotes":""},"categories":[27],"tags":[],"class_list":{"0":"post-730","1":"post","2":"type-post","3":"status-publish","4":"format-standard","5":"has-post-thumbnail","7":"category-cristianas"},"_links":{"self":[{"href":"https:\/\/enterateradios.com\/nueva\/wp-json\/wp\/v2\/posts\/730","targetHints":{"allow":["GET"]}}],"collection":[{"href":"https:\/\/enterateradios.com\/nueva\/wp-json\/wp\/v2\/posts"}],"about":[{"href":"https:\/\/enterateradios.com\/nueva\/wp-json\/wp\/v2\/types\/post"}],"author":[{"embeddable":true,"href":"https:\/\/enterateradios.com\/nueva\/wp-json\/wp\/v2\/users\/2"}],"replies":[{"embeddable":true,"href":"https:\/\/enterateradios.com\/nueva\/wp-json\/wp\/v2\/comments?post=730"}],"version-history":[{"count":0,"href":"https:\/\/enterateradios.com\/nueva\/wp-json\/wp\/v2\/posts\/730\/revisions"}],"wp:featuredmedia":[{"embeddable":true,"href":"https:\/\/enterateradios.com\/nueva\/wp-json\/wp\/v2\/media\/731"}],"wp:attachment":[{"href":"https:\/\/enterateradios.com\/nueva\/wp-json\/wp\/v2\/media?parent=730"}],"wp:term":[{"taxonomy":"category","embeddable":true,"href":"https:\/\/enterateradios.com\/nueva\/wp-json\/wp\/v2\/categories?post=730"},{"taxonomy":"post_tag","embeddable":true,"href":"https:\/\/enterateradios.com\/nueva\/wp-json\/wp\/v2\/tags?post=730"}],"curies":[{"name":"wp","href":"https:\/\/api.w.org\/{rel}","templated":true}]}}