{"id":734,"date":"2024-10-01T04:51:17","date_gmt":"2024-10-01T04:51:17","guid":{"rendered":"https:\/\/enterateradios.com\/nueva\/jesus-adrian-romero-admite-problemas-de-salud-mental-y-cancela-gira-terrenal-tour-acontecer-cristiano\/"},"modified":"2024-10-01T04:51:17","modified_gmt":"2024-10-01T04:51:17","slug":"jesus-adrian-romero-admite-problemas-de-salud-mental-y-cancela-gira-terrenal-tour-acontecer-cristiano","status":"publish","type":"post","link":"https:\/\/enterateradios.com\/nueva\/jesus-adrian-romero-admite-problemas-de-salud-mental-y-cancela-gira-terrenal-tour-acontecer-cristiano\/","title":{"rendered":"Jes\u00fas Adri\u00e1n Romero admite problemas de salud mental y cancela gira \u201cTerrenal Tour\u201d &#8211; Acontecer Cristiano"},"content":{"rendered":"<p> <br \/>\n<\/p>\n<div id=\"post-body-8292970968676051192\" itemprop=\"articleBody\">\n<meta content=\"Jes\u00fas Adri\u00e1n Romero revel\u00f3 en un comunicado que ha pasado por varias situaciones que lo llevaron a un per\u00edodo de crisis emocional , por lo q...\" name=\"twitter:description\"\/><\/p>\n<div class=\"separator\" style=\"clear: both; text-align: center;\"><img decoding=\"async\" alt=\"Jes\u00fas Adri\u00e1n Romero en concierto\" border=\"0\" data-original-height=\"462\" data-original-width=\"756\" src=\"https:\/\/blogger.googleusercontent.com\/img\/b\/R29vZ2xl\/AVvXsEhGMxnrSxWFoTFHmIaMJlqKpDd_TzwOuA-g5pLpQY6S4UT7d00dmEB1vvt68v5JfQereZkRduma7LgBW4yJ7_V4AClEpVHCsmTO1GGaKxbrFNjzIJdpcfRW3ZL84bB3A6n8w639jdFxmiar_aMQbIvvvYLavOfJRS3GU1fSrtMWML1fhmIp_6-RdnkRjHdl\/s16000\/jesus-adrian-romero-salud.jpg\"\/><\/div>\n<p>Jes\u00fas Adri\u00e1n Romero revel\u00f3 en un comunicado que <b>ha pasado por varias situaciones que lo llevaron a un per\u00edodo de crisis emocional<\/b>, por lo que ha decidido cancelar sus conciertos temporalmente en Latinoam\u00e9rica para recuperarse.<\/p>\n<div>\n<p>Jes\u00fas Adri\u00e1n Romero, uno de los cantantes m\u00e1s importantes de la m\u00fasica cristiana contempor\u00e1nea, anunci\u00f3 en sus redes sociales que se retira temporalmente de los escenarios debido a<b> problemas de salud emocional<\/b>. \u00c9l ten\u00eda programa presentaciones en Per\u00fa y otros pa\u00edses de Latinoam\u00e9rica como parte de su gira \u2018Terrenal Tour\u2019.<\/p>\n<p>En un extenso comunicado, explic\u00f3 que <b>necesita descansar y cuidar su salud mental<\/b> para poder seguir creando m\u00fasica y ofreciendo su arte al p\u00fablico. Seg\u00fan indic\u00f3, <b>la cancelaci\u00f3n de sus conciertos ha sido una decisi\u00f3n dif\u00edcil, pero necesaria para su bienestar<\/b>.<\/p>\n<p>\u00abEl \u00faltimo a\u00f1o ha sido dif\u00edcil y debo reconocer que <b>no estoy del todo bien<\/b>. Un c\u00famulo de situaciones me han llevado a un periodo de vulnerabilidad emocional que requiere una tregua de mi parte\u00bb, se lee en su mensaje.\u00a0<\/p>\n<p>\u00abPara ser congruente, he decidido que por lo que resta del a\u00f1o no estar\u00e9 teniendo conciertos ni participando en eventos p\u00fablicos de ninguna \u00edndole. Hace unos d\u00edas llev\u00e9 a cabo en Ciudad Ju\u00e1rez, lo que ser\u00eda el \u00faltimo concierto de este a\u00f1o. Disfrut\u00e9 cada momento sobre el escenario, especialmente el verlos y escucharlos cantar, me renovaron las fuerzas, gracias. S\u00e9 que los voy a extra\u00f1ar, pero en este momento <b>es m\u00e1s fuerte el llamado a descansar y tomar en serio mi salud mental<\/b>\u00ab, agreg\u00f3 Jes\u00fas Adri\u00e1n Romero.\u00a0<\/p>\n<p><iframe loading=\"lazy\" src=\"https:\/\/www.facebook.com\/plugins\/post.php?href=https%3A%2F%2Fwww.facebook.com%2Fjaroficial%2Fposts%2Fpfbid0f1R5cdVEBaWZVR5aWPiSHT6jKFTisSwH2cDriHzsSNXkRvk3mBGKB47PqFrAVsq3l&amp;show_text=true&amp;width=500\" width=\"500\" height=\"621\" style=\"border:none;overflow:hidden\" scrolling=\"no\" frameborder=\"0\" allowfullscreen=\"true\" allow=\"autoplay; clipboard-write; encrypted-media; picture-in-picture; web-share\"><\/iframe><\/p>\n<p>Por otro lado, el cantante mexicano agradeci\u00f3 las muestras de apoyo por parte de sus seguidores y espera que comprendan su situaci\u00f3n. Adem\u00e1s, prometi\u00f3 que<b> el pr\u00f3ximo a\u00f1o regresar\u00e1 con fuerza<\/b>. \u00abS\u00e9 que hay muchos pasando por situaciones como la m\u00eda, solo quiero decirte: &#8216;<b>Todo va a estar bien&#8230; conf\u00eda<\/b>&#8216;\u00bb.<\/p>\n<\/div>\n<p><a href=\"https:\/\/www.acontecercristiano.net\/2023\/09\/jesus-adrian-romero-admite-problemas-de-salud.html\" target=\"_blank\" rel=\"noopener\"> AcontecerCristiano.Net <\/a>\n<\/div>\n<p><script>(function(d, s, id) {\n  var js, fjs = d.getElementsByTagName(s)[0];\n  if (d.getElementById(id)) {return;}\n  js = d.createElement(s); js.id = id;\n  js.src = \"\/\/connect.facebook.net\/es_LA\/all.js#xfbml=1\";\n  fjs.parentNode.insertBefore(js, fjs);\n}(document, 'script', 'facebook-jssdk'));<\/script><br \/>\n<br \/><br \/>\n<br \/><a href=\"https:\/\/www.acontecercristiano.net\/2023\/09\/jesus-adrian-romero-admite-problemas-de-salud.html\">Source link <\/a><\/p>\n","protected":false},"excerpt":{"rendered":"<p>Jes\u00fas Adri\u00e1n Romero revel\u00f3 en un comunicado que ha pasado por varias situaciones que lo llevaron a un per\u00edodo de crisis emocional, por lo que ha decidido cancelar sus conciertos temporalmente en Latinoam\u00e9rica para recuperarse. Jes\u00fas Adri\u00e1n Romero, uno de los cantantes m\u00e1s importantes de la m\u00fasica cristiana contempor\u00e1nea, anunci\u00f3 en sus redes sociales que [&hellip;]<\/p>\n","protected":false},"author":2,"featured_media":735,"comment_status":"open","ping_status":"open","sticky":false,"template":"","format":"standard","meta":{"footnotes":""},"categories":[27],"tags":[],"class_list":{"0":"post-734","1":"post","2":"type-post","3":"status-publish","4":"format-standard","5":"has-post-thumbnail","7":"category-cristianas"},"_links":{"self":[{"href":"https:\/\/enterateradios.com\/nueva\/wp-json\/wp\/v2\/posts\/734","targetHints":{"allow":["GET"]}}],"collection":[{"href":"https:\/\/enterateradios.com\/nueva\/wp-json\/wp\/v2\/posts"}],"about":[{"href":"https:\/\/enterateradios.com\/nueva\/wp-json\/wp\/v2\/types\/post"}],"author":[{"embeddable":true,"href":"https:\/\/enterateradios.com\/nueva\/wp-json\/wp\/v2\/users\/2"}],"replies":[{"embeddable":true,"href":"https:\/\/enterateradios.com\/nueva\/wp-json\/wp\/v2\/comments?post=734"}],"version-history":[{"count":0,"href":"https:\/\/enterateradios.com\/nueva\/wp-json\/wp\/v2\/posts\/734\/revisions"}],"wp:featuredmedia":[{"embeddable":true,"href":"https:\/\/enterateradios.com\/nueva\/wp-json\/wp\/v2\/media\/735"}],"wp:attachment":[{"href":"https:\/\/enterateradios.com\/nueva\/wp-json\/wp\/v2\/media?parent=734"}],"wp:term":[{"taxonomy":"category","embeddable":true,"href":"https:\/\/enterateradios.com\/nueva\/wp-json\/wp\/v2\/categories?post=734"},{"taxonomy":"post_tag","embeddable":true,"href":"https:\/\/enterateradios.com\/nueva\/wp-json\/wp\/v2\/tags?post=734"}],"curies":[{"name":"wp","href":"https:\/\/api.w.org\/{rel}","templated":true}]}}