{"id":825,"date":"2024-10-26T04:51:13","date_gmt":"2024-10-26T04:51:13","guid":{"rendered":"https:\/\/enterateradios.com\/nueva\/hija-de-presentador-comparte-su-conversion-la-mejor-decision\/"},"modified":"2024-10-26T04:51:13","modified_gmt":"2024-10-26T04:51:13","slug":"hija-de-presentador-comparte-su-conversion-la-mejor-decision","status":"publish","type":"post","link":"https:\/\/enterateradios.com\/nueva\/hija-de-presentador-comparte-su-conversion-la-mejor-decision\/","title":{"rendered":"Hija de presentador comparte su conversi\u00f3n: \u201cLa mejor decisi\u00f3n\u201d"},"content":{"rendered":"<p> <br \/>\n<\/p>\n<div>\n<iframe style=\"border-radius:12px\" src=\"https:\/\/open.spotify.com\/embed\/episode\/2RaGWq37C4z5yYFZD4vtfM?utm_source=generator\" width=\"100%\" height=\"352\" frameborder=\"0\" allowfullscreen=\"\" allow=\"autoplay; clipboard-write; encrypted-media; fullscreen; picture-in-picture\" loading=\"lazy\"><\/iframe><\/p>\n<p>NOTICIACRISTIANA.COM- El pasado viernes 18, Helena Faro, la hija menor del conocido <a href=\"https:\/\/noticiacristiana.com\/sociedad\/2023\/10\/presentadora-cristiana-lleva-esperanza-ninos-medio-oriente-no-estan-solos.html\" data-type=\"link\" data-id=\"https:\/\/noticiacristiana.com\/sociedad\/2023\/10\/presentadora-cristiana-lleva-esperanza-ninos-medio-oriente-no-estan-solos.html\">presentador<\/a>, Rodrigo Faro, comparti\u00f3 su conmovedora experiencia de conversi\u00f3n a Jes\u00fas, durante un servicio en la Iglesia Presbiteriana, de Alphaville.<\/p>\n<blockquote class=\"instagram-media\" data-instgrm-captioned=\"\" data-instgrm-permalink=\"https:\/\/www.instagram.com\/reel\/DBfBsP3JaJz\/?utm_source=ig_embed&amp;utm_campaign=loading\" data-instgrm-version=\"14\" style=\" background:#FFF; border:0; border-radius:3px; box-shadow:0 0 1px 0 rgba(0,0,0,0.5),0 1px 10px 0 rgba(0,0,0,0.15); margin: 1px; max-width:540px; min-width:326px; padding:0; width:99.375%; width:-webkit-calc(100% - 2px); width:calc(100% - 2px);\"\/>\n<p>La hija del presentador de 11 a\u00f1os, relat\u00f3 c\u00f3mo su vida cambi\u00f3, tras un encuentro espiritual, que la llev\u00f3 a entregar su vida a Cristo, as\u00ed lo informa <a href=\"https:\/\/www.guiame.com.br\/gospel\/testemunhos\/filha-de-rodrigo-faro-testemunha-conversao-melhor-decisao-que-fiz.html\" data-type=\"link\" data-id=\"https:\/\/www.guiame.com.br\/gospel\/testemunhos\/filha-de-rodrigo-faro-testemunha-conversao-melhor-decisao-que-fiz.html\" target=\"_blank\" rel=\"noreferrer noopener\">Gu\u00edame.com.<\/a><\/p>\n<p>Helena, quien siempre hab\u00eda disfrutado, de jugar en l\u00ednea, y pasar tiempo con sus amigos, en la web, confes\u00f3 que, a principios de este a\u00f1o, comenz\u00f3 a desarrollar, una adicci\u00f3n a los juegos.<\/p>\n<div class=\"wp-block-image\">\n<figure class=\"alignleft size-full\"><img loading=\"lazy\" decoding=\"async\" width=\"209\" height=\"241\" src=\"https:\/\/noticiacristiana.com\/wp-content\/uploads\/2024\/10\/images-13.jpg\" alt=\"\" class=\"wp-image-164047\"\/><\/figure>\n<\/div>\n<p>\u201cEsto se convirti\u00f3 en una prioridad en mi vida, llegaba a casa agonizando, para poder levantar el tel\u00e9fono, y satisfacerme con eso\u201d, explic\u00f3 en un video, compartido por su madre, Vera Viel.<\/p>\n<p>El punto de inflexi\u00f3n, lleg\u00f3 el 27 de junio, cuando Helena recibi\u00f3 un mensaje, de su amiga Juliana, quien le comparti\u00f3 una alabanza del Proyecto Sola, basada en Colosenses 1.<\/p>\n<p>\u201cMe iba a dormir y ella me dijo una alabanza del Proyecto Sola, que es Colosenses 1, y yo la escuch\u00e9\u201d, record\u00f3 Helena. Al escuchar el canto, sinti\u00f3 una profunda conexi\u00f3n espiritual. \u201cLlor\u00e9 mucho. Recib\u00ed el Esp\u00edritu Santo desde ese momento, fue m\u00e1gico\u201d, testific\u00f3.<\/p>\n<figure class=\"wp-block-image size-large\"><img loading=\"lazy\" decoding=\"async\" width=\"1024\" height=\"576\" src=\"https:\/\/noticiacristiana.com\/wp-content\/uploads\/2024\/10\/rodrigo-faro-com-a-filha-helena-1024x576.webp\" alt=\"\" class=\"wp-image-164046\" srcset=\"https:\/\/noticiacristiana.com\/wp-content\/uploads\/2024\/10\/rodrigo-faro-com-a-filha-helena-1024x576.webp 1024w, https:\/\/noticiacristiana.com\/wp-content\/uploads\/2024\/10\/rodrigo-faro-com-a-filha-helena-300x169.webp 300w, https:\/\/noticiacristiana.com\/wp-content\/uploads\/2024\/10\/rodrigo-faro-com-a-filha-helena-768x432.webp 768w, https:\/\/noticiacristiana.com\/wp-content\/uploads\/2024\/10\/rodrigo-faro-com-a-filha-helena-1536x864.webp 1536w, https:\/\/noticiacristiana.com\/wp-content\/uploads\/2024\/10\/rodrigo-faro-com-a-filha-helena-jpg.webp 1920w\" sizes=\"auto, (max-width: 1024px) 100vw, 1024px\"\/><\/figure>\n<h2 class=\"wp-block-heading\">Hija del presentador feliz de su decisi\u00f3n<\/h2>\n<p>Helena expres\u00f3 su felicidad, por haber tomado la decisi\u00f3n de seguir a Jes\u00fas. \u201cEstoy muy feliz, de haberle entregado mi vida a Jes\u00fas, porque fue la mejor decisi\u00f3n, que he tomado en mi vida\u201d, afirm\u00f3.<\/p>\n<p>La joven tambi\u00e9n cit\u00f3 el pasaje b\u00edblico, de Mateo 6:33, destacando la importancia de buscar el Reino de Dios, y su justicia por encima de todas las cosas.<\/p>\n<p>En la publicaci\u00f3n, Vera Viel, madre de Helena, expres\u00f3 su orgullo, y gratitud. \u201cEstoy muy orgullosa de ti, hija, tan joven, y ya con tanta fe y sabidur\u00eda. Dios sea alabado, y glorificado\u201d, escribi\u00f3.<\/p>\n<p><iframe loading=\"lazy\" src=\"https:\/\/www.facebook.com\/plugins\/video.php?height=306&amp;href=https%3A%2F%2Fwww.facebook.com%2Fnclatam%2Fvideos%2F584153350709058%2F&amp;show_text=false&amp;width=560&amp;t=0\" width=\"560\" height=\"306\" style=\"border:none;overflow:hidden\" scrolling=\"no\" frameborder=\"0\" allowfullscreen=\"true\" allow=\"autoplay; clipboard-write; encrypted-media; picture-in-picture; web-share\"><\/iframe><\/p>\n<hr class=\"wp-block-separator has-alpha-channel-opacity\"\/>\n<p>Publicado por: NOTICIACRISTIANA.COM. Agradecemos su fidelidad con nuestro medio de comunicaci\u00f3n. Le invitamos a suscribirse a nuestro bolet\u00edn informativo. Y activar la secci\u00f3n de notificaciones en la portada de nuestra p\u00e1gina.<\/p>\n<hr class=\"wp-block-separator has-alpha-channel-opacity\"\/><\/div>\n<p><script async src=\"\/\/www.instagram.com\/embed.js\"><\/script><br \/>\n<br \/><br \/>\n<br \/><a href=\"https:\/\/noticiacristiana.com\/evangelismo\/2024\/10\/hija-presentador.html\">Source link <\/a><\/p>\n","protected":false},"excerpt":{"rendered":"<p>NOTICIACRISTIANA.COM- El pasado viernes 18, Helena Faro, la hija menor del conocido presentador, Rodrigo Faro, comparti\u00f3 su conmovedora experiencia de conversi\u00f3n a Jes\u00fas, durante un servicio en la Iglesia Presbiteriana, de Alphaville. La hija del presentador de 11 a\u00f1os, relat\u00f3 c\u00f3mo su vida cambi\u00f3, tras un encuentro espiritual, que la llev\u00f3 a entregar su vida [&hellip;]<\/p>\n","protected":false},"author":2,"featured_media":826,"comment_status":"open","ping_status":"open","sticky":false,"template":"","format":"standard","meta":{"footnotes":""},"categories":[39],"tags":[],"class_list":{"0":"post-825","1":"post","2":"type-post","3":"status-publish","4":"format-standard","5":"has-post-thumbnail","7":"category-otras-noticias"},"_links":{"self":[{"href":"https:\/\/enterateradios.com\/nueva\/wp-json\/wp\/v2\/posts\/825","targetHints":{"allow":["GET"]}}],"collection":[{"href":"https:\/\/enterateradios.com\/nueva\/wp-json\/wp\/v2\/posts"}],"about":[{"href":"https:\/\/enterateradios.com\/nueva\/wp-json\/wp\/v2\/types\/post"}],"author":[{"embeddable":true,"href":"https:\/\/enterateradios.com\/nueva\/wp-json\/wp\/v2\/users\/2"}],"replies":[{"embeddable":true,"href":"https:\/\/enterateradios.com\/nueva\/wp-json\/wp\/v2\/comments?post=825"}],"version-history":[{"count":0,"href":"https:\/\/enterateradios.com\/nueva\/wp-json\/wp\/v2\/posts\/825\/revisions"}],"wp:featuredmedia":[{"embeddable":true,"href":"https:\/\/enterateradios.com\/nueva\/wp-json\/wp\/v2\/media\/826"}],"wp:attachment":[{"href":"https:\/\/enterateradios.com\/nueva\/wp-json\/wp\/v2\/media?parent=825"}],"wp:term":[{"taxonomy":"category","embeddable":true,"href":"https:\/\/enterateradios.com\/nueva\/wp-json\/wp\/v2\/categories?post=825"},{"taxonomy":"post_tag","embeddable":true,"href":"https:\/\/enterateradios.com\/nueva\/wp-json\/wp\/v2\/tags?post=825"}],"curies":[{"name":"wp","href":"https:\/\/api.w.org\/{rel}","templated":true}]}}