{"id":855,"date":"2024-11-16T04:51:40","date_gmt":"2024-11-16T04:51:40","guid":{"rendered":"https:\/\/enterateradios.com\/nueva\/jovenes-evangelizan-en-calles-de-portugal-y-llevan-a-la-gente-a-jesus-la-fe-esta-viva-acontecer-cristiano\/"},"modified":"2024-11-16T04:51:40","modified_gmt":"2024-11-16T04:51:40","slug":"jovenes-evangelizan-en-calles-de-portugal-y-llevan-a-la-gente-a-jesus-la-fe-esta-viva-acontecer-cristiano","status":"publish","type":"post","link":"https:\/\/enterateradios.com\/nueva\/jovenes-evangelizan-en-calles-de-portugal-y-llevan-a-la-gente-a-jesus-la-fe-esta-viva-acontecer-cristiano\/","title":{"rendered":"J\u00f3venes evangelizan en calles de Portugal y llevan a la gente a Jes\u00fas: \u00abLa fe est\u00e1 viva\u00bb &#8211; Acontecer Cristiano"},"content":{"rendered":"<p> <br \/>\n<\/p>\n<div id=\"post-body-7614033764723931428\" itemprop=\"articleBody\">\n<meta content=\"Cerca de cien j\u00f3venes y adolescentes salieron a las calles en tres ciudades de Portugal para anunciar a la salvaci\u00f3n en Jes\u00fas y orar por las...\" name=\"twitter:description\"\/><\/p>\n<div class=\"separator\" style=\"clear: both; text-align: center;\"><img decoding=\"async\" alt=\"J\u00f3venes evangelizando en las calles\" border=\"0\" data-original-height=\"525\" data-original-width=\"911\" src=\"https:\/\/blogger.googleusercontent.com\/img\/b\/R29vZ2xl\/AVvXsEiWcVd95VQC3Te2m25VLqLuBUVoEzWBajXlA8gjmvW7RBIKYRm6WwiAPiRWTbd1jSpkwWZku3sqpAhr9PwRw2dp14hnzagN0IUMPDbOsGcIJAktrcunZ8mAvuZvjDf-UZvCzJWSZLq8kgfEMigx1CmrcjEdGw5yBzgjdoYOr0NagGPpcBOMDuu0XEttfexy\/s16000-rw\/jovenes-evangelizando-en-la-calle.jpg\" title=\"J\u00f3venes evangelizan en calles de Portugal y llevan a la gente a Jes\u00fas: &quot;La fe est\u00e1 viva&quot;\"\/><\/div>\n<p>Cerca de cien j\u00f3venes y adolescentes salieron a las calles en tres ciudades de Portugal para anunciar a la salvaci\u00f3n en Jes\u00fas y orar por las necesidades de las personas. \u201c<b>La fe est\u00e1 viva, el amor de Dios est\u00e1 siendo compartido<\/b>\u201d, dijo un pastor.<\/p>\n<p>La iniciativa evangelizadora, promovida por el ministerio Rede Inspire Portugal, implic\u00f3 capacitar a <b>j\u00f3venes de 22 iglesias locales<\/b> en formaci\u00f3n evangel\u00edstica, que los prepar\u00f3 para trabajar el pasado fin de semana en varias ciudades, entre ellas Lisboa, Sintra, Braga y Oporto.\u00a0<\/p>\n<p>Adem\u00e1s de los acercamientos en las calles, <b>un grupo tambi\u00e9n evangeliz\u00f3 en un centro comercial<\/b>, donde predicaron la Buena Nueva y oraron por la curaci\u00f3n de varias personas. Como resultado de la jornada evangel\u00edstica, 69 personas aceptaron recibir oraci\u00f3n y<b> 16 entregaron su vida a Jes\u00fas<\/b>.\u00a0<\/p>\n<p>El pastor Marcos Madaleno, gestor global de Rede Inspire, expres\u00f3 su satisfacci\u00f3n en una publicaci\u00f3n en Instagram, afirmando que \u201cla fe est\u00e1 viva, el amor se comparte y <b>la Iglesia avanza en Portugal y Europa<\/b>\u201d. En entrevista con Guiame, destac\u00f3 la importancia de <b>capacitar a los j\u00f3venes para llegar a las nuevas generaciones.<\/b><\/p>\n<div>\n<p>Marcos destac\u00f3 que la Rede Inspire busca cambiar la realidad de Portugal, donde s\u00f3lo <b>el 2,1% de la poblaci\u00f3n es cristiana protestante<\/b>. Explic\u00f3 que el prop\u00f3sito de la red es <b>llevar a Jes\u00fas a las calles<\/b> a trav\u00e9s de actos de bondad, evangelismo sobrenatural, intercesi\u00f3n en puntos estrat\u00e9gicos y <b>eventos que promuevan conexiones<\/b>. \u201cDespu\u00e9s de d\u00edas intensos, nuestro compromiso es permanecer cerca de las comunidades\u201d, afirm\u00f3, destacando la importancia de ayudar a cada iglesia a vivir una <b>cultura de evangelizaci\u00f3n constante<\/b>.<\/p>\n<p>El ministerio Rede Inspire fue fundada hace 14 a\u00f1os por el pastor Carlito Paes, de la Iglesia de la Ciudad, con el objetivo de formar pastores y fomentar la unidad entre iglesias. Actualmente, la red cuenta con m\u00e1s de 60 iglesias en Portugal, otras 30 en Europa y m\u00e1s de 1.500 en todo el mundo.\u00a0<\/p>\n<p>Marcos Madaleno concluy\u00f3 que fue \u201c<b>incre\u00edble ver a cada joven y adolescente capacitado y puesto en acci\u00f3n<\/b>\u201d, destacando que este es solo el comienzo de la labor evangel\u00edstica.<\/p>\n<\/div>\n<p><a href=\"https:\/\/www.acontecercristiano.net\/2024\/11\/jovenes-evangelizan-en-calles-de-portugal.html\" target=\"_blank\"> AcontecerCristiano.Net <\/a>\n<\/div>\n<p><script>(function(d, s, id) {\n  var js, fjs = d.getElementsByTagName(s)[0];\n  if (d.getElementById(id)) {return;}\n  js = d.createElement(s); js.id = id;\n  js.src = \"\/\/connect.facebook.net\/es_LA\/all.js#xfbml=1\";\n  fjs.parentNode.insertBefore(js, fjs);\n}(document, 'script', 'facebook-jssdk'));<\/script><br \/>\n<br \/><br \/>\n<br \/><a href=\"https:\/\/www.acontecercristiano.net\/2024\/11\/jovenes-evangelizan-en-calles-de-portugal.html\">Source link <\/a><\/p>\n","protected":false},"excerpt":{"rendered":"<p>Cerca de cien j\u00f3venes y adolescentes salieron a las calles en tres ciudades de Portugal para anunciar a la salvaci\u00f3n en Jes\u00fas y orar por las necesidades de las personas. \u201cLa fe est\u00e1 viva, el amor de Dios est\u00e1 siendo compartido\u201d, dijo un pastor. La iniciativa evangelizadora, promovida por el ministerio Rede Inspire Portugal, implic\u00f3 [&hellip;]<\/p>\n","protected":false},"author":2,"featured_media":856,"comment_status":"open","ping_status":"open","sticky":false,"template":"","format":"standard","meta":{"footnotes":""},"categories":[27],"tags":[],"class_list":{"0":"post-855","1":"post","2":"type-post","3":"status-publish","4":"format-standard","5":"has-post-thumbnail","7":"category-cristianas"},"_links":{"self":[{"href":"https:\/\/enterateradios.com\/nueva\/wp-json\/wp\/v2\/posts\/855","targetHints":{"allow":["GET"]}}],"collection":[{"href":"https:\/\/enterateradios.com\/nueva\/wp-json\/wp\/v2\/posts"}],"about":[{"href":"https:\/\/enterateradios.com\/nueva\/wp-json\/wp\/v2\/types\/post"}],"author":[{"embeddable":true,"href":"https:\/\/enterateradios.com\/nueva\/wp-json\/wp\/v2\/users\/2"}],"replies":[{"embeddable":true,"href":"https:\/\/enterateradios.com\/nueva\/wp-json\/wp\/v2\/comments?post=855"}],"version-history":[{"count":0,"href":"https:\/\/enterateradios.com\/nueva\/wp-json\/wp\/v2\/posts\/855\/revisions"}],"wp:featuredmedia":[{"embeddable":true,"href":"https:\/\/enterateradios.com\/nueva\/wp-json\/wp\/v2\/media\/856"}],"wp:attachment":[{"href":"https:\/\/enterateradios.com\/nueva\/wp-json\/wp\/v2\/media?parent=855"}],"wp:term":[{"taxonomy":"category","embeddable":true,"href":"https:\/\/enterateradios.com\/nueva\/wp-json\/wp\/v2\/categories?post=855"},{"taxonomy":"post_tag","embeddable":true,"href":"https:\/\/enterateradios.com\/nueva\/wp-json\/wp\/v2\/tags?post=855"}],"curies":[{"name":"wp","href":"https:\/\/api.w.org\/{rel}","templated":true}]}}