{"id":893,"date":"2024-12-03T04:51:09","date_gmt":"2024-12-03T04:51:09","guid":{"rendered":"https:\/\/enterateradios.com\/nueva\/tenia-jesus-el-pelo-largo\/"},"modified":"2024-12-03T04:51:09","modified_gmt":"2024-12-03T04:51:09","slug":"tenia-jesus-el-pelo-largo","status":"publish","type":"post","link":"https:\/\/enterateradios.com\/nueva\/tenia-jesus-el-pelo-largo\/","title":{"rendered":"\u00bfTen\u00eda Jes\u00fas el pelo largo?"},"content":{"rendered":"<p> <br \/>\n<\/p>\n<div>\n<p>NOTICIACRISTIANA.COM-La imagen de <a href=\"https:\/\/noticiacristiana.com\/blogs\/2024\/12\/biblia-loteria.html\" data-type=\"link\" data-id=\"https:\/\/noticiacristiana.com\/blogs\/2024\/12\/biblia-loteria.html\">Jes\u00fas<\/a> con el cabello largo, es una representaci\u00f3n com\u00fan, que ha perdurado durante siglos en el arte cristiano, y en la cultura popular.<\/p>\n<p>Sin embargo, la cuesti\u00f3n de si realmente, ten\u00eda el cabello largo o corto, es un tema que ha generado debate, entre historiadores, te\u00f3logos, y estudiosos de la Biblia.<\/p>\n<p>Para abordar esta pregunta, es necesario considerar, tanto los contextos hist\u00f3ricos, culturales, y religiosos de la \u00e9poca de Jes\u00fas, como las interpretaciones b\u00edblicas, que se han desarrollado a lo largo del tiempo.<strong\/><\/p>\n<p><strong>Contexto hist\u00f3rico y cultural<\/strong><\/p>\n<p>Jes\u00fas de Nazaret, vivi\u00f3 en el siglo I, en la regi\u00f3n de Judea, que estaba bajo el dominio del Imperio Romano. En ese tiempo, la vestimenta y el estilo de cabello, variaban seg\u00fan la clase social, la ocupaci\u00f3n, y las tradiciones culturales.<\/p>\n<p>En general, los hombres jud\u00edos de la \u00e9poca, sol\u00edan tener el cabello corto, ya que esto era consistente, con las ense\u00f1anzas de la Tor\u00e1, el libro sagrado del juda\u00edsmo. La tradici\u00f3n jud\u00eda, en particular, prescrib\u00eda normas de higiene y orden, que inclu\u00edan el corte del cabello, de los varones.<\/p>\n<p>Aun as\u00ed, no todos los hombres segu\u00edan, las mismas pautas de apariencia. En algunos casos, se sabe que los nazarenos, un grupo de seguidores de votos religiosos, que inclu\u00eda a figuras como Juan el Bautista, llevaban el cabello largo, como parte de su voto de consagraci\u00f3n, a Dios.<\/p>\n<p>Sin embargo, no hay evidencia clara en los evangelios, que indique que Jes\u00fas haya hecho un voto nazareno, por lo que su estilo de cabello, podr\u00eda haber sido m\u00e1s convencional, para un hombre jud\u00edo de su tiempo.<\/p>\n<h3 class=\"wp-block-heading\"><strong>Interpretaciones b\u00edblicas<\/strong><\/h3>\n<p>En los textos b\u00edblicos, no hay una descripci\u00f3n detallada, del aspecto f\u00edsico de Jes\u00fas, y esto ha llevado a una gran especulaci\u00f3n. Los evangelios can\u00f3nicos, que son los cuatro libros principales, que relatan la vida y ense\u00f1anzas de Jes\u00fas, (Mateo, Marcos, Lucas y Juan), no mencionan expl\u00edcitamente, la longitud de su cabello. Sin embargo, algunos pasajes indirectos, se han interpretado de diversas maneras.<\/p>\n<p>Uno de los pasajes, que se ha citado en relaci\u00f3n con la longitud del cabello, es 1 Corintios 11:14, en el que el ap\u00f3stol Pablo escribe: \u00ab\u00bfNo os ense\u00f1a la misma naturaleza, que es deshonroso para el hombre, dejarse crecer el cabello?\u00bb<\/p>\n<p>Este vers\u00edculo sugiere que, seg\u00fan las normas de la cultura grecorromana, los hombres no deb\u00edan llevar el cabello largo. Aunque este vers\u00edculo, no se refiere directamente a Jes\u00fas, algunos interpretan que su cabello, podr\u00eda haber sido corto, ya que segu\u00eda las costumbres jud\u00edas, de su tiempo.<\/p>\n<p>Por otro lado, algunas representaciones art\u00edsticas tempranas, como las de las catacumbas romanas del siglo II, muestran a Jes\u00fas con el cabello corto, lo que refuerza la idea de que no se percib\u00eda que Jes\u00fas tuviera un aspecto extraordinariamente diferente al de otros hombres jud\u00edos.<\/p>\n<h4 class=\"wp-block-heading\"><strong>El arte cristiano y la imagen de Jes\u00fas<\/strong><\/h4>\n<p>La imagen de Jes\u00fas con el cabello largo comenz\u00f3 a prevalecer a partir de los primeros siglos del cristianismo, especialmente en el arte bizantino. Esta representaci\u00f3n, que hoy en d\u00eda es ampliamente conocida, refleja m\u00e1s una idealizaci\u00f3n teol\u00f3gica y espiritual de Jes\u00fas que una representaci\u00f3n precisa de su apariencia f\u00edsica.<\/p>\n<p>El cabello largo de Jes\u00fas en estas representaciones puede verse como un s\u00edmbolo de su divinidad, su sacrificio y su vida consagrada, en contraposici\u00f3n a la imagen de un l\u00edder terrenal o un profeta jud\u00edo t\u00edpico.<\/p>\n<p>A lo largo de los siglos, los artistas cristianos han transmitido sus propias interpretaciones del Mes\u00edas, fusionando influencias culturales y religiosas que no necesariamente corresponden con los detalles hist\u00f3ricos.<\/p>\n<p>Por ejemplo, en el Renacimiento y m\u00e1s tarde en la Edad Moderna, la figura de Jes\u00fas con el cabello largo fue popularizada en pinturas de artistas como Leonardo da Vinci y Michelangelo.<\/p>\n<h6 class=\"wp-block-heading\"><strong>Conclusi\u00f3n<\/strong><\/h6>\n<p>Aunque la pregunta de si Jes\u00fas, ten\u00eda el pelo largo no tiene una respuesta definitiva, desde un punto de vista hist\u00f3rico y b\u00edblico, es posible concluir que la imagen moderna de Jes\u00fas con el cabello largo es m\u00e1s un producto de tradiciones art\u00edsticas y culturales que una descripci\u00f3n precisa de su apariencia.<\/p>\n<p>Dada la falta de referencias claras en los evangelios y el contexto hist\u00f3rico de la \u00e9poca, lo m\u00e1s probable es que Jes\u00fas tuviera el cabello corto, como la mayor\u00eda de los hombres jud\u00edos de su tiempo.<\/p>\n<p>Sin embargo, m\u00e1s all\u00e1 de los detalles f\u00edsicos, lo que importa en el cristianismo es el mensaje y el legado de Jes\u00fas, que trascienden cualquier representaci\u00f3n externa.<\/p>\n<p>La imagen de Jes\u00fas con el cabello largo, aunque no hist\u00f3ricamente precisa, contin\u00faa siendo una poderosa representaci\u00f3n simb\u00f3lica de su identidad espiritual y su papel como el Salvador.<\/p>\n<hr class=\"wp-block-separator has-alpha-channel-opacity\"\/>\n<p>Art\u00edculo por: <a href=\"https:\/\/miembros.iddam.org\/jovenes-hispanos\/tenia-jesus-el-pelo-largo\/#:~:text=No%2C%20Jes%C3%BAs%20no%20ten%C3%ADa%20el,59%3B%2010%3A39).\" target=\"_blank\" data-type=\"link\" data-id=\"https:\/\/miembros.iddam.org\/jovenes-hispanos\/tenia-jesus-el-pelo-largo\/#:~:text=No%2C%20Jes%C3%BAs%20no%20ten%C3%ADa%20el,59%3B%2010%3A39).\" rel=\"noreferrer noopener\">miembros.iddam.org<\/a><\/p>\n<hr class=\"wp-block-separator has-alpha-channel-opacity\"\/>\n<p>Publicado por: NOTICIACRISTIANA.COM. Agradecemos su fidelidad con nuestro medio de comunicaci\u00f3n. Le invitamos a suscribirse a nuestro bolet\u00edn informativo. Y activar la secci\u00f3n de notificaciones en la portada de nuestra p\u00e1gina.<\/p>\n<hr class=\"wp-block-separator has-alpha-channel-opacity\"\/><\/div>\n<p><br \/>\n<br \/><a href=\"https:\/\/noticiacristiana.com\/blogs\/2024\/12\/tenia-jesus.html\">Source link <\/a><\/p>\n","protected":false},"excerpt":{"rendered":"<p>NOTICIACRISTIANA.COM-La imagen de Jes\u00fas con el cabello largo, es una representaci\u00f3n com\u00fan, que ha perdurado durante siglos en el arte cristiano, y en la cultura popular. Sin embargo, la cuesti\u00f3n de si realmente, ten\u00eda el cabello largo o corto, es un tema que ha generado debate, entre historiadores, te\u00f3logos, y estudiosos de la Biblia. Para [&hellip;]<\/p>\n","protected":false},"author":2,"featured_media":894,"comment_status":"open","ping_status":"open","sticky":false,"template":"","format":"standard","meta":{"footnotes":""},"categories":[39],"tags":[],"class_list":{"0":"post-893","1":"post","2":"type-post","3":"status-publish","4":"format-standard","5":"has-post-thumbnail","7":"category-otras-noticias"},"_links":{"self":[{"href":"https:\/\/enterateradios.com\/nueva\/wp-json\/wp\/v2\/posts\/893","targetHints":{"allow":["GET"]}}],"collection":[{"href":"https:\/\/enterateradios.com\/nueva\/wp-json\/wp\/v2\/posts"}],"about":[{"href":"https:\/\/enterateradios.com\/nueva\/wp-json\/wp\/v2\/types\/post"}],"author":[{"embeddable":true,"href":"https:\/\/enterateradios.com\/nueva\/wp-json\/wp\/v2\/users\/2"}],"replies":[{"embeddable":true,"href":"https:\/\/enterateradios.com\/nueva\/wp-json\/wp\/v2\/comments?post=893"}],"version-history":[{"count":0,"href":"https:\/\/enterateradios.com\/nueva\/wp-json\/wp\/v2\/posts\/893\/revisions"}],"wp:featuredmedia":[{"embeddable":true,"href":"https:\/\/enterateradios.com\/nueva\/wp-json\/wp\/v2\/media\/894"}],"wp:attachment":[{"href":"https:\/\/enterateradios.com\/nueva\/wp-json\/wp\/v2\/media?parent=893"}],"wp:term":[{"taxonomy":"category","embeddable":true,"href":"https:\/\/enterateradios.com\/nueva\/wp-json\/wp\/v2\/categories?post=893"},{"taxonomy":"post_tag","embeddable":true,"href":"https:\/\/enterateradios.com\/nueva\/wp-json\/wp\/v2\/tags?post=893"}],"curies":[{"name":"wp","href":"https:\/\/api.w.org\/{rel}","templated":true}]}}