{"id":921,"date":"2024-12-19T04:51:05","date_gmt":"2024-12-19T04:51:05","guid":{"rendered":"https:\/\/enterateradios.com\/nueva\/cuando-nacio-realmente-jesus\/"},"modified":"2024-12-19T04:51:05","modified_gmt":"2024-12-19T04:51:05","slug":"cuando-nacio-realmente-jesus","status":"publish","type":"post","link":"https:\/\/enterateradios.com\/nueva\/cuando-nacio-realmente-jesus\/","title":{"rendered":"\u00bfCu\u00e1ndo naci\u00f3 realmente Jes\u00fas?"},"content":{"rendered":"<p> <br \/>\n<\/p>\n<div>\n<p>NOTICIACRISTIANA.COM-El <a href=\"https:\/\/noticiacristiana.com\/blogs\/2024\/12\/siguen-existiendo-profetas-hoy-dia.html\" data-type=\"link\" data-id=\"https:\/\/noticiacristiana.com\/blogs\/2024\/12\/siguen-existiendo-profetas-hoy-dia.html\">nacimiento, de Jes\u00fas<\/a> es uno de los eventos m\u00e1s significativos, de la historia del cristianismo, pero a pesar de su importancia, la fecha exacta de su nacimiento, sigue siendo un misterio.<\/p>\n<p>Existen varias teor\u00edas y argumentos, basados en fuentes b\u00edblicas, hist\u00f3ricas y astron\u00f3micas, que ayudan a estimar, un rango de tiempo aproximado, para este gran evento.<\/p>\n<h2 class=\"wp-block-heading\"><strong>1. La fecha tradicional: el 25 de diciembre<\/strong><\/h2>\n<div class=\"wp-block-image\">\n<figure class=\"alignleft size-large is-resized\"><img fetchpriority=\"high\" decoding=\"async\" width=\"1024\" height=\"691\" src=\"https:\/\/noticiacristiana.com\/wp-content\/uploads\/2024\/12\/4d261c7dde47dd0a84a77a4a3b4ccf16_XL-1024x691.jpg\" alt=\"4d261c7dde47dd0a84a77a4a3b4ccf16 XL\" class=\"wp-image-169468\" style=\"width:231px;height:auto\" srcset=\"https:\/\/noticiacristiana.com\/wp-content\/uploads\/2024\/12\/4d261c7dde47dd0a84a77a4a3b4ccf16_XL-1024x691.jpg 1024w, https:\/\/noticiacristiana.com\/wp-content\/uploads\/2024\/12\/4d261c7dde47dd0a84a77a4a3b4ccf16_XL-300x203.jpg 300w, https:\/\/noticiacristiana.com\/wp-content\/uploads\/2024\/12\/4d261c7dde47dd0a84a77a4a3b4ccf16_XL-768x518.jpg 768w, https:\/\/noticiacristiana.com\/wp-content\/uploads\/2024\/12\/4d261c7dde47dd0a84a77a4a3b4ccf16_XL.jpg 1200w\" sizes=\"(max-width: 1024px) 100vw, 1024px\"\/><\/figure>\n<\/div>\n<p>La fecha del 25 de diciembre, como el d\u00eda del nacimiento de Jes\u00fas, no tiene una base b\u00edblica directa, sino que se estableci\u00f3, por factores hist\u00f3ricos y teol\u00f3gicos.<\/p>\n<p>A partir del siglo IV, la Iglesia Cat\u00f3lica, adopt\u00f3 esta fecha, que coincidir\u00eda con las festividades paganas, del solsticio de invierno, como la celebraci\u00f3n del Sol Invictus, el dios del sol.<\/p>\n<p>La intenci\u00f3n, era ofrecer una alternativa cristiana, a estas festividades, simbolizando el nacimiento de la luz del mundo, en referencia a Jes\u00fas.<\/p>\n<p>Sin embargo, los Evangelios de Mateo y Lucas, que son las principales fuentes b\u00edblicas, sobre el nacimiento de Jes\u00fas, no mencionan el d\u00eda, ni el mes exactos. Por tanto, la elecci\u00f3n del 25 de diciembre, es m\u00e1s una tradici\u00f3n, que un hecho hist\u00f3rico verificado.<\/p>\n<h3 class=\"wp-block-heading\"><strong>2. Indicaciones b\u00edblicas sobre el contexto<\/strong> <strong>de Jes\u00fas<\/strong><\/h3>\n<p>Si bien los Evangelios, no nos dan una fecha exacta, ofrecen detalles que permiten hacer, suposiciones informadas sobre la \u00e9poca, en que pudo haber nacido Jes\u00fas. Seg\u00fan el Evangelio de Lucas, Jes\u00fas naci\u00f3 durante el reinado, del emperador romano C\u00e9sar Augusto, cuando se llev\u00f3 a cabo un censo, en todo el Imperio Romano.<\/p>\n<p>Este censo fue ordenado por Quirino, gobernador de Siria, lo que coloca el nacimiento de Jes\u00fas, en un per\u00edodo aproximado entre el 6 y el 4 a.C., ya que el censo de Quirino, ocurri\u00f3 en el 6 d.C. y se sabe que Herodes el Grande, quien aparece en los relatos de Mateo como el rey durante el nacimiento de Jes\u00fas, muri\u00f3 en el 4 a.C.<\/p>\n<p>Adem\u00e1s, el Evangelio de Lucas, menciona que los pastores estaban en el campo, cuando se les anunci\u00f3 el nacimiento de Jes\u00fas, lo que sugiere que el evento, no ocurri\u00f3 en pleno invierno, sino en una \u00e9poca m\u00e1s templada, probablemente entre la primavera, y el oto\u00f1o.<\/p>\n<h4 class=\"wp-block-heading\"><strong>3. La evidencia astron\u00f3mica<\/strong><\/h4>\n<figure class=\"wp-block-image size-full\"><img loading=\"lazy\" decoding=\"async\" width=\"626\" height=\"417\" src=\"https:\/\/noticiacristiana.com\/wp-content\/uploads\/2024\/12\/a5e6cf6d1780d72a914720916b482067.jpg\" alt=\"a5e6cf6d1780d72a914720916b482067\" class=\"wp-image-169469\" srcset=\"https:\/\/noticiacristiana.com\/wp-content\/uploads\/2024\/12\/a5e6cf6d1780d72a914720916b482067.jpg 626w, https:\/\/noticiacristiana.com\/wp-content\/uploads\/2024\/12\/a5e6cf6d1780d72a914720916b482067-300x200.jpg 300w\" sizes=\"auto, (max-width: 626px) 100vw, 626px\"\/><\/figure>\n<p>Algunos estudiosos tambi\u00e9n han intentado determinar la fecha del nacimiento de Jes\u00fas utilizando la astronom\u00eda. Una de las teor\u00edas m\u00e1s populares est\u00e1 relacionada con la \u00abestrella de Bel\u00e9n\u00bb, que se describe en el Evangelio de Mateo como un fen\u00f3meno que gui\u00f3 a los magos hacia el lugar donde naci\u00f3 Jes\u00fas. Los astr\u00f3nomos han propuesto varias explicaciones para este evento, incluyendo la conjunci\u00f3n de planetas o una supernova.<\/p>\n<p>En 1999, el astr\u00f3nomo Michael R. Molnar sugiri\u00f3 que la \u00abestrella de Bel\u00e9n\u00bb podr\u00eda haber sido una conjunci\u00f3n de los planetas J\u00fapiter y Saturno en la constelaci\u00f3n de Piscis, que ocurri\u00f3 alrededor del 7 a.C.<\/p>\n<p>Este fen\u00f3meno astron\u00f3mico habr\u00eda sido especialmente significativo para los astr\u00f3logos y magos de la \u00e9poca, quienes segu\u00edan las alineaciones planetarias como se\u00f1ales de eventos importantes.<\/p>\n<p>Otra explicaci\u00f3n astron\u00f3mica se basa en el c\u00e1lculo de una \u00absupernova\u00bb que pudo haber sido visible en el cielo en el a\u00f1o 5 a.C. o el 4 a.C., lo que tambi\u00e9n podr\u00eda haber sido interpretado como una se\u00f1al del nacimiento de un rey.<\/p>\n<h5 class=\"wp-block-heading\"><strong>4. La cronolog\u00eda de Herodes<\/strong><\/h5>\n<p>La muerte de Herodes el Grande tambi\u00e9n juega un papel clave en la determinaci\u00f3n de la fecha del nacimiento de Jes\u00fas. Seg\u00fan el historiador romano Flavio Josefo, Herodes muri\u00f3 en el 4 a.C., lo que implica que Jes\u00fas debi\u00f3 haber nacido antes de esa fecha.<\/p>\n<p>Esto refuerza la hip\u00f3tesis de que Jes\u00fas naci\u00f3 entre el 6 y el 4 a.C. y no en el a\u00f1o 1 d.C., como podr\u00eda sugerir la tradici\u00f3n cristiana.<\/p>\n<h6 class=\"wp-block-heading\"><strong>5. Otras teor\u00edas y suposiciones<\/strong><\/h6>\n<p>Existen otras teor\u00edas que intentan ubicar el nacimiento de Jes\u00fas en fechas a\u00fan m\u00e1s cercanas al siglo I, pero todas se basan en los mismos indicios b\u00edblicos y astron\u00f3micos que no proporcionan una respuesta definitiva.<\/p>\n<p>Adem\u00e1s, hay quienes sugieren que la falta de una fecha precisa refuerza la idea de que lo importante en el nacimiento de Jes\u00fas no es el d\u00eda, sino el significado teol\u00f3gico de su llegada al mundo.<\/p>\n<h6 class=\"wp-block-heading\"><strong>Conclusi\u00f3n<\/strong><\/h6>\n<div class=\"wp-block-image\">\n<figure class=\"alignright size-full\"><img loading=\"lazy\" decoding=\"async\" width=\"440\" height=\"294\" src=\"https:\/\/noticiacristiana.com\/wp-content\/uploads\/2024\/12\/Captura-de-pantalla-2024-12-18-163736.png\" alt=\"Captura de pantalla 2024 12 18 163736\" class=\"wp-image-169470\" srcset=\"https:\/\/noticiacristiana.com\/wp-content\/uploads\/2024\/12\/Captura-de-pantalla-2024-12-18-163736.png 440w, https:\/\/noticiacristiana.com\/wp-content\/uploads\/2024\/12\/Captura-de-pantalla-2024-12-18-163736-300x200.png 300w\" sizes=\"auto, (max-width: 440px) 100vw, 440px\"\/><\/figure>\n<\/div>\n<p>Aunque no se puede determinar con exactitud la fecha en que naci\u00f3 Jes\u00fas, la combinaci\u00f3n de fuentes b\u00edblicas, hist\u00f3ricas y astron\u00f3micas sugiere que su nacimiento ocurri\u00f3 entre el 6 y el 4 a.C., mucho antes de la fecha tradicional del 25 de diciembre.<\/p>\n<p>Esta fecha, adoptada por la Iglesia siglos despu\u00e9s, tiene m\u00e1s un simbolismo teol\u00f3gico y cultural que un fundamento hist\u00f3rico exacto. La importancia del nacimiento de Jes\u00fas radica en su significado para los cristianos, independientemente de la fecha precisa.<\/p>\n<p>La cuesti\u00f3n del cu\u00e1ndo ha sido una fuente de debate durante siglos, pero no resta valor al evento que marc\u00f3 un antes y un despu\u00e9s en la historia del cristianismo.<\/p>\n<hr class=\"wp-block-separator has-alpha-channel-opacity\"\/>\n<p>Art\u00edculo por: <a href=\"https:\/\/www.christianity.com\/wiki\/jesus-christ\/when-was-jesus-born.html\" target=\"_blank\" data-type=\"link\" data-id=\"https:\/\/www.christianity.com\/wiki\/jesus-christ\/when-was-jesus-born.html\" rel=\"noreferrer noopener\">Christianity.com.<\/a><\/p>\n<hr class=\"wp-block-separator has-alpha-channel-opacity\"\/>\n<p>NOTICIACRISTIANA.COM.- \u00bfTienes noticias locales, testimonios o eventos cristianos? Te invitamos a enviarlas a NoticiaCristiana.com a trav\u00e9s de este enlace: Env\u00eda tus noticias aqu\u00ed. https:\/\/noticiacristiana.com\/envio-de-noticias<\/p>\n<hr class=\"wp-block-separator has-alpha-channel-opacity\"\/>\n\t\t<\/div>\n<p><br \/>\n<br \/><a href=\"https:\/\/noticiacristiana.com\/blogs\/2024\/12\/nacio-jesus.html\">Source link <\/a><\/p>\n","protected":false},"excerpt":{"rendered":"<p>NOTICIACRISTIANA.COM-El nacimiento, de Jes\u00fas es uno de los eventos m\u00e1s significativos, de la historia del cristianismo, pero a pesar de su importancia, la fecha exacta de su nacimiento, sigue siendo un misterio. Existen varias teor\u00edas y argumentos, basados en fuentes b\u00edblicas, hist\u00f3ricas y astron\u00f3micas, que ayudan a estimar, un rango de tiempo aproximado, para este [&hellip;]<\/p>\n","protected":false},"author":2,"featured_media":922,"comment_status":"open","ping_status":"open","sticky":false,"template":"","format":"standard","meta":{"footnotes":""},"categories":[39],"tags":[],"class_list":{"0":"post-921","1":"post","2":"type-post","3":"status-publish","4":"format-standard","5":"has-post-thumbnail","7":"category-otras-noticias"},"_links":{"self":[{"href":"https:\/\/enterateradios.com\/nueva\/wp-json\/wp\/v2\/posts\/921","targetHints":{"allow":["GET"]}}],"collection":[{"href":"https:\/\/enterateradios.com\/nueva\/wp-json\/wp\/v2\/posts"}],"about":[{"href":"https:\/\/enterateradios.com\/nueva\/wp-json\/wp\/v2\/types\/post"}],"author":[{"embeddable":true,"href":"https:\/\/enterateradios.com\/nueva\/wp-json\/wp\/v2\/users\/2"}],"replies":[{"embeddable":true,"href":"https:\/\/enterateradios.com\/nueva\/wp-json\/wp\/v2\/comments?post=921"}],"version-history":[{"count":0,"href":"https:\/\/enterateradios.com\/nueva\/wp-json\/wp\/v2\/posts\/921\/revisions"}],"wp:featuredmedia":[{"embeddable":true,"href":"https:\/\/enterateradios.com\/nueva\/wp-json\/wp\/v2\/media\/922"}],"wp:attachment":[{"href":"https:\/\/enterateradios.com\/nueva\/wp-json\/wp\/v2\/media?parent=921"}],"wp:term":[{"taxonomy":"category","embeddable":true,"href":"https:\/\/enterateradios.com\/nueva\/wp-json\/wp\/v2\/categories?post=921"},{"taxonomy":"post_tag","embeddable":true,"href":"https:\/\/enterateradios.com\/nueva\/wp-json\/wp\/v2\/tags?post=921"}],"curies":[{"name":"wp","href":"https:\/\/api.w.org\/{rel}","templated":true}]}}