{"id":927,"date":"2024-12-25T04:51:05","date_gmt":"2024-12-25T04:51:05","guid":{"rendered":"https:\/\/enterateradios.com\/nueva\/la-navidad-tambien-se-trata-de-la-sangre-de-jesus-el-mesias\/"},"modified":"2024-12-25T04:51:05","modified_gmt":"2024-12-25T04:51:05","slug":"la-navidad-tambien-se-trata-de-la-sangre-de-jesus-el-mesias","status":"publish","type":"post","link":"https:\/\/enterateradios.com\/nueva\/la-navidad-tambien-se-trata-de-la-sangre-de-jesus-el-mesias\/","title":{"rendered":"La Navidad tambi\u00e9n se trata de la Sangre de Jes\u00fas el Mes\u00edas"},"content":{"rendered":"<p> <br \/>\n<\/p>\n<div data-id=\"64f5d3b2\" data-element_type=\"widget\" data-widget_type=\"theme-post-content.default\">\n<p>NOTICIACRISTIANA.COM.- La Navidad no es solo un d\u00eda, sino doce, que van del 25 de diciembre al 5 de enero. Durante estos d\u00edas, celebramos el nacimiento de Jes\u00fas y otros eventos importantes en <a href=\"https:\/\/es.christianitytoday.com\/2024\/12\/significado-biblico-calendario-iglesia-esteban-epifania-sangre-cristo-es\/\" target=\"_blank\" rel=\"noreferrer noopener\">el calendario lit\u00fargico<\/a>. <\/p>\n<p>Estos d\u00edas no solo son de alegr\u00eda y celebraci\u00f3n, sino tambi\u00e9n de reflexi\u00f3n sobre el martirio, el dolor y el sacrificio que acompa\u00f1an la historia de la salvaci\u00f3n. Estas son algunos eventos que se celebran dentro del mundo cristiano. <\/p>\n<p>Muchos no los conocen, otros no creen que deban ser celebrados. Sin embargo, incluso dentro de todo esto se puede obtener un <a href=\"https:\/\/noticiacristiana.com\/blogs\/2024\/12\/navidad-mitos.html\">aprendizaje<\/a>.<\/p>\n<h2 class=\"wp-block-heading\">Fiesta de Esteban (26 de diciembre)<\/h2>\n<p>El 26 de diciembre tambi\u00e9n se celebra a Esteban, el primer m\u00e1rtir cristiano. Esteban fue apedreado por su fe poco despu\u00e9s de Pentecost\u00e9s. Su valent\u00eda y su fe en Dios lo convierten en un ejemplo para todos los cristianos. <\/p>\n<p>Esteban es un gran polemista. Sabio y lleno del Esp\u00edritu Santo, se enzarza en disputas p\u00fablicas con otros l\u00edderes y eruditos jud\u00edos. Enfurecidos por sus discursos, los falsos testigos provocan problemas con rumores y chismes, y el sumo sacerdote le pregunta a Esteban si lo que ellos dicen es cierto. <\/p>\n<p>Su respuesta es un serm\u00f3n que resulta ser el \u00faltimo. Cuando termina, la muchedumbre se enfurece. Lo sacan a empellones fuera de la ciudad y lo apedrean hasta matarlo. <\/p>\n<p>Un joven llamado Saulo asiente con la cabeza en se\u00f1al de aprobaci\u00f3n t\u00e1cita. Esteban es el primer m\u00e1rtir de Cristo, el protom\u00e1rtir y quien se convertir\u00eda en paradigma para todos los que vendr\u00edan despu\u00e9s de \u00e9l.<\/p>\n<p><em><strong>Para una lectura m\u00e1s profunda de la historia de Esteban:<\/strong> Hechos 6:8-10, Hechos 7:54-60, Hechos 8:1, Juan 13:1, Lucas 23:34, Lucas 23:46, Romanos 1:16, 2 Timoteo 1:10.<\/em><\/p>\n<h2 class=\"wp-block-heading\">Fiesta de los Santos Inocentes (28 de diciembre)<\/h2>\n<figure class=\"wp-block-image size-large\"><img decoding=\"async\" src=\"https:\/\/vidaascendente.es\/wp-content\/uploads\/2022\/12\/1668537016750.jpg\" alt=\"1668537016750\"\/><\/figure>\n<p>El 28 de diciembre se conoce como la rememoraci\u00f3n de los inocente, los beb\u00e9s de Bel\u00e9n asesinados por orden de Herodes en su intento de matar a Jes\u00fas. <\/p>\n<p>Esta tragedia nos recuerda el precio que el mal cobra cuando se enfrenta a los buenos prop\u00f3sitos de Dios. Tambi\u00e9n nos recuerda que, a pesar de la maldad en el mundo, Dios sigue amando y redimiendo a la humanidad. <\/p>\n<p><strong>La historia es sencilla:<\/strong> Cuando unos hombres de Oriente le dicen a Herodes lo del ni\u00f1o <em>\u00abnacido rey de los jud\u00edos\u00bb<\/em>, Herodes conspira para asesinar a Jes\u00fas antes de que pueda convertirse en una amenaza. <\/p>\n<p>Enfurecido porque los Magos <em>\u00abse hab\u00edan burlado de \u00e9l\u00bb<\/em> para ocultar la ubicaci\u00f3n del beb\u00e9, Herodes ordena matar a <em>\u00abtodos los ni\u00f1os menores de dos a\u00f1os en Bel\u00e9n y en sus alrededores\u00bb<\/em>. <\/p>\n<p>Tras la intervenci\u00f3n de un \u00e1ngel, Jos\u00e9 escapa a Egipto con Mar\u00eda y Jes\u00fas, pero el lamento de Raquel por sus hijos clama a Dios sin consuelo. Solo cuando Herodes muere, la sagrada familia regresa de Egipto y se instala en Nazaret, la ciudad natal de Mar\u00eda y ahora del Mes\u00edas.<\/p>\n<p><em><strong>Podemos leer la historia m\u00e1s detallada en los pasajes b\u00edblicos:<\/strong> Mateo 2:2, Mateo 2:16, Mateo 2:18, Lucas 1:26-27, Marcos 6:1, Juan 1:46, Juan 7:40-42, \u00c9xodo 1:8-2:10, G\u00e9nesis 30:22-24, G\u00e9nesis 39:1-6, G\u00e9nesis 12:7, Oseas 11:1.<\/em><\/p>\n<h2 class=\"wp-block-heading\">Circuncisi\u00f3n de Jes\u00fas (1 de enero)<\/h2>\n<p>El 1 de enero tambi\u00e9n se celebra la circuncisi\u00f3n de Jes\u00fas, que tuvo lugar ocho d\u00edas despu\u00e9s de su nacimiento. <\/p>\n<p>Este evento es significativo porque marca la primera gota de sangre derramada por nuestro Salvador. La circuncisi\u00f3n de Jes\u00fas tambi\u00e9n anticipa el bautismo, que es nuestro segundo nacimiento a trav\u00e9s de la uni\u00f3n con su muerte y resurrecci\u00f3n. <\/p>\n<p>Para los gentiles es algo extra\u00f1o. Para los modernos, que relegan tales procedimientos a los pasillos est\u00e9riles de hospitales y profesionales, es a\u00fan m\u00e1s extra\u00f1o. <\/p>\n<p>Dado que gran parte de la historia cristiana est\u00e1 lastrada por prejuicios latentes contra los jud\u00edos, es sorprendente que, enterrado en lo m\u00e1s profundo de la memoria de la Iglesia cristiana, nunca hayamos olvidado el significado de este d\u00eda. <\/p>\n<p>Se celebra el octavo d\u00eda de Navidad porque el pacto de Dios con Abraham ordena la circuncisi\u00f3n de todo var\u00f3n jud\u00edo al octavo d\u00eda de su nacimiento. Esto es precisamente lo que dice el Evangelio de Lucas: \u00ab<em>Cuando se cumplieron los ocho d\u00edas y fueron a circuncidarlo, lo llamaron Jes\u00fas, nombre que el \u00e1ngel le hab\u00eda puesto antes de que fuera concebido\u00bb.<\/em><\/p>\n<p><em><strong>Para entender m\u00e1s sobre la circuncisi\u00f3n en la Biblia, leer:<\/strong> G\u00e9nesis 17:12, Lucas 2:21, G\u00e9nesis 17:13-14, Juan 20:19-29, G\u00e1latas 3:1-4:7, Juan 10:10, Romanos 6:9, Juan 3:5.<\/em><\/p>\n<figure class=\"wp-block-image size-large\"><img decoding=\"async\" src=\"https:\/\/www.religiondelislam.com\/wp-content\/uploads\/2017\/10\/%C2%BFMuri%C3%B3-Jes%C3%BAs-en-la-Cruz.jpg\" alt=\"%C2%BFMuri%C3%B3 Jes%C3%BAs en la Cruz\"\/><\/figure>\n<p>La Navidad es una celebraci\u00f3n de la vida, el gozo y la salvaci\u00f3n, pero tambi\u00e9n nos recuerda el martirio, el dolor y el sacrificio.<\/p>\n<p>Al celebrar estos eventos, recordamos que Jes\u00fas naci\u00f3 para morir por nosotros y darnos vida eterna. La sangre de los m\u00e1rtires y los inocentes nos recuerda el costo de nuestra salvaci\u00f3n y nos llama a vivir una vida de fe y testimonio.<\/p>\n<p>La Navidad puede parecer muy lejana del Calvario, pero en realidad es m\u00e1s cercana de lo que pensamos. En el nacimiento de Jes\u00fas, la cruz ya est\u00e1 a la vista, ya sea para Dios (desde la eternidad), en las Escrituras (como narraci\u00f3n) o para nosotros (que conocemos el final de la historia). <\/p>\n<p>El Hijo de Dios naci\u00f3 para derramar su sangre por nosotros. Ya desde el vientre, este ni\u00f1o estaba destinado a llegar a la tumba de Jos\u00e9 de Arimatea. Las circunstancias de su nacimiento y los santos honrados durante este tiempo dan testimonio de esa solemne verdad.<\/p>\n<hr class=\"wp-block-separator has-alpha-channel-opacity\"\/>\n<p>Publicado por: NOTICIACRISTIANA.COM.- \u00bfTienes noticias locales, testimonios o eventos cristianos? Te invitamos a enviarlas a NoticiaCristiana.com a trav\u00e9s de este enlace: Env\u00eda tus noticias aqu\u00ed. <a href=\"https:\/\/noticiacristiana.com\/envio-de-noticias\">https:\/\/noticiacristiana.com\/envio-de-noticias<\/a><\/p>\n<\/p><\/div>\n<p><br \/>\n<br \/><a href=\"https:\/\/noticiacristiana.com\/blogs\/2024\/12\/jesus-sangre-navidad.html\">Source link <\/a><\/p>\n","protected":false},"excerpt":{"rendered":"<p>NOTICIACRISTIANA.COM.- La Navidad no es solo un d\u00eda, sino doce, que van del 25 de diciembre al 5 de enero. Durante estos d\u00edas, celebramos el nacimiento de Jes\u00fas y otros eventos importantes en el calendario lit\u00fargico. Estos d\u00edas no solo son de alegr\u00eda y celebraci\u00f3n, sino tambi\u00e9n de reflexi\u00f3n sobre el martirio, el dolor y [&hellip;]<\/p>\n","protected":false},"author":2,"featured_media":928,"comment_status":"open","ping_status":"open","sticky":false,"template":"","format":"standard","meta":{"footnotes":""},"categories":[39],"tags":[],"class_list":{"0":"post-927","1":"post","2":"type-post","3":"status-publish","4":"format-standard","5":"has-post-thumbnail","7":"category-otras-noticias"},"_links":{"self":[{"href":"https:\/\/enterateradios.com\/nueva\/wp-json\/wp\/v2\/posts\/927","targetHints":{"allow":["GET"]}}],"collection":[{"href":"https:\/\/enterateradios.com\/nueva\/wp-json\/wp\/v2\/posts"}],"about":[{"href":"https:\/\/enterateradios.com\/nueva\/wp-json\/wp\/v2\/types\/post"}],"author":[{"embeddable":true,"href":"https:\/\/enterateradios.com\/nueva\/wp-json\/wp\/v2\/users\/2"}],"replies":[{"embeddable":true,"href":"https:\/\/enterateradios.com\/nueva\/wp-json\/wp\/v2\/comments?post=927"}],"version-history":[{"count":0,"href":"https:\/\/enterateradios.com\/nueva\/wp-json\/wp\/v2\/posts\/927\/revisions"}],"wp:featuredmedia":[{"embeddable":true,"href":"https:\/\/enterateradios.com\/nueva\/wp-json\/wp\/v2\/media\/928"}],"wp:attachment":[{"href":"https:\/\/enterateradios.com\/nueva\/wp-json\/wp\/v2\/media?parent=927"}],"wp:term":[{"taxonomy":"category","embeddable":true,"href":"https:\/\/enterateradios.com\/nueva\/wp-json\/wp\/v2\/categories?post=927"},{"taxonomy":"post_tag","embeddable":true,"href":"https:\/\/enterateradios.com\/nueva\/wp-json\/wp\/v2\/tags?post=927"}],"curies":[{"name":"wp","href":"https:\/\/api.w.org\/{rel}","templated":true}]}}