{"id":963,"date":"2025-01-15T04:51:24","date_gmt":"2025-01-15T04:51:24","guid":{"rendered":"https:\/\/enterateradios.com\/nueva\/expresentador-de-mtv-acepta-a-jesus-y-se-bautiza-me-he-acercado-al-senor-acontecer-cristiano\/"},"modified":"2025-01-15T04:51:24","modified_gmt":"2025-01-15T04:51:24","slug":"expresentador-de-mtv-acepta-a-jesus-y-se-bautiza-me-he-acercado-al-senor-acontecer-cristiano","status":"publish","type":"post","link":"https:\/\/enterateradios.com\/nueva\/expresentador-de-mtv-acepta-a-jesus-y-se-bautiza-me-he-acercado-al-senor-acontecer-cristiano\/","title":{"rendered":"Expresentador de MTV acepta a Jes\u00fas y se bautiza: \u201cMe he acercado al Se\u00f1or\u201d &#8211; Acontecer Cristiano"},"content":{"rendered":"<p> <br \/>\n<\/p>\n<div id=\"post-body-737485424830367015\" itemprop=\"articleBody\">\n<meta content=\"El actor y productor Adam Curry , testific\u00f3 que entreg\u00f3 su vida a Jes\u00fas y fue bautizado. Habl\u00f3 sobre su camino de fe y dijo que lamentaba no...\" name=\"twitter:description\"\/><\/p>\n<div class=\"separator\" style=\"clear: both; text-align: center;\"><img decoding=\"async\" alt=\"Adam Curry, expresentador de MTV bautismo\" border=\"0\" data-original-height=\"480\" data-original-width=\"797\" src=\"https:\/\/blogger.googleusercontent.com\/img\/b\/R29vZ2xl\/AVvXsEj7Booe2DdzQtW34dhSkMC4pVy1Ebezi7rVTmTvbG-rmTZvX_jAvfiWNZfiNFRJ_5N1_zgv_CjknMOz4K4z1iogVgh6jr01OKj_zA2URNcGgqXHRB3lhds7lRDbpePoTY_zSbT1SDLnRUO63aK_LaF4gLGvYvMLs6RSmMFa_MqAyCCNkqYG47nIto1smREb\/s16000-rw\/adam-curry-bautismo.jpg\" title=\"Expresentador de MTV acepta a Jes\u00fas y se bautiza: \u201cMe he acercado al Se\u00f1or\u201d\"\/><\/div>\n<div>\n<p>El actor y productor <b>Adam Curry<\/b>, testific\u00f3 que entreg\u00f3 su vida a Jes\u00fas y fue bautizado. Habl\u00f3 sobre su camino de fe y dijo que <b>lamentaba no haber desarrollado una relaci\u00f3n con Dios antes<\/b>: \u00abDios me ha llamado a hacer cosas que todav\u00eda necesito hacer\u00bb.<\/p>\n<p>El actor y productor Adam Curry, que se hizo conocido en los a\u00f1os 1990 como presentador de <b>MTV <\/b>en los Pa\u00edses Bajos, <b>se convirti\u00f3 al cristianismo hace dos a\u00f1os y medio<\/b>, habl\u00f3 sobre su fe en el programa holand\u00e9s \u201cIn the Hour of Power\u201d y dijo:<\/p>\n<p>\u201cEs incre\u00edble lo que nos pas\u00f3 a m\u00ed y a mi esposa hace dos a\u00f1os y medio. Es una revelaci\u00f3n que a los 58 a\u00f1os (ahora tengo 60) <b>de repente me acerqu\u00e9 m\u00e1s al Se\u00f1or<\/b>\u201d.<\/p>\n<p>\u201cEs maravilloso porque de repente entiendo todo mucho mejor. Toda mi vida, hacia d\u00f3nde va, estoy empezando a entender para qu\u00e9 sirve.<b> Nac\u00ed de nuevo, as\u00ed que ahora tengo una nueva vida<\/b>\u201d, a\u00f1adi\u00f3.<\/p>\n<div>Durante la entrevista, <b>Adam dijo que decidi\u00f3 bautizarse<\/b> luego de ver un episodio de la serie \u201c<a href=\"https:\/\/www.acontecercristiano.net\/2023\/03\/the-chosen-comienza-filmar-la-temporada.html\">The Chosen<\/a>\u201d.<\/div>\n<p>\u201cCuando Nicodemo habla con Jes\u00fas y le explica c\u00f3mo se nace de nuevo a trav\u00e9s del Esp\u00edritu, ese fue el momento en que le dije a mi esposa: &#8216;Tina, <b>estoy listo para ser bautizado<\/b>&#8216;\u201d, relat\u00f3 Adam.<\/p>\n<p>Continu\u00f3: \u201cSent\u00ed eso, <b>dejas atr\u00e1s a la persona vieja y emerge la persona nueva<\/b>. Ahora soy muy diferente, soy el mismo Adam, pero estoy m\u00e1s tranquilo\u201d.<\/p>\n<p>Reflexionando sobre su relaci\u00f3n con Dios, Ad\u00e1n declar\u00f3 que <b>la Biblia es su manual de vida.<\/b><\/p>\n<p>\u201c<b>Me baso en la Biblia, leo en ella lo que es bueno, c\u00f3mo vivo y c\u00f3mo quiero vivir<\/b>\u201d, dijo.<\/p>\n<div>Seg\u00fan el sitio <a href=\"https:\/\/revive.nl\/adam-curry-over-zijn-radicale-bekering-i-am-a-jesus-freak\/\">Revive,<\/a> Adam destac\u00f3 que su texto favorito es el primer cap\u00edtulo del libro de Santiago. Junto con su esposa Tina, <b>lee la Biblia todas las ma\u00f1anas y luego hablan de ella.\u00a0<\/b><\/div>\n<p>\u201cTambi\u00e9n tenemos gente a nuestro alrededor que siempre nos mantiene encaminados, porque al principio est\u00e1s muy emocionado, pero luego es f\u00e1cil desviarse\u201d, dijo.<\/p>\n<p>En la conversaci\u00f3n, el presentador Jan van den Bosch le pregunt\u00f3: \u201cSi te hubiera dicho hace 40 a\u00f1os: &#8216;Creo que te voy a entrevistar sobre Dios, sobre Jes\u00fas, \u00bfqu\u00e9 habr\u00edas dicho?&#8217;<\/p>\n<p>Y Adam respondi\u00f3: \u201cYo habr\u00eda dicho: &#8216;No creo nada de eso&#8217;\u201d. Hoy, sin embargo, el empresario <b>tiene una nueva perspectiva y lamenta no haber desarrollado antes una relaci\u00f3n con Dios<\/b>.\u00a0<\/p>\n<p>\u201cOjal\u00e1 hubiera sabido esto mucho antes. Pero tambi\u00e9n s\u00e9 que Dios me ha llamado ahora mismo a hacer cosas que todav\u00eda necesito hacer. Justo a tiempo, porque ya lo tengo todo solucionado. S\u00e9 lo que puedo hacer y c\u00f3mo puedo integrar la Palabra en mi trabajo y mi vida. Ten\u00eda que ser as\u00ed\u201d, testific\u00f3.<\/p>\n<\/div>\n<p><a href=\"https:\/\/www.acontecercristiano.net\/2025\/01\/expresentador-de-mtv-acepta-jesus-y-se-bautiza.html\" target=\"_blank\"> AcontecerCristiano.Net <\/a>\n<\/div>\n<p><script>(function(d, s, id) {\n  var js, fjs = d.getElementsByTagName(s)[0];\n  if (d.getElementById(id)) {return;}\n  js = d.createElement(s); js.id = id;\n  js.src = \"\/\/connect.facebook.net\/es_LA\/all.js#xfbml=1\";\n  fjs.parentNode.insertBefore(js, fjs);\n}(document, 'script', 'facebook-jssdk'));<\/script><br \/>\n<br \/><br \/>\n<br \/><a href=\"https:\/\/www.acontecercristiano.net\/2025\/01\/expresentador-de-mtv-acepta-jesus-y-se-bautiza.html\">Source link <\/a><\/p>\n","protected":false},"excerpt":{"rendered":"<p>El actor y productor Adam Curry, testific\u00f3 que entreg\u00f3 su vida a Jes\u00fas y fue bautizado. Habl\u00f3 sobre su camino de fe y dijo que lamentaba no haber desarrollado una relaci\u00f3n con Dios antes: \u00abDios me ha llamado a hacer cosas que todav\u00eda necesito hacer\u00bb. El actor y productor Adam Curry, que se hizo conocido [&hellip;]<\/p>\n","protected":false},"author":2,"featured_media":964,"comment_status":"open","ping_status":"open","sticky":false,"template":"","format":"standard","meta":{"footnotes":""},"categories":[27],"tags":[],"class_list":{"0":"post-963","1":"post","2":"type-post","3":"status-publish","4":"format-standard","5":"has-post-thumbnail","7":"category-cristianas"},"_links":{"self":[{"href":"https:\/\/enterateradios.com\/nueva\/wp-json\/wp\/v2\/posts\/963","targetHints":{"allow":["GET"]}}],"collection":[{"href":"https:\/\/enterateradios.com\/nueva\/wp-json\/wp\/v2\/posts"}],"about":[{"href":"https:\/\/enterateradios.com\/nueva\/wp-json\/wp\/v2\/types\/post"}],"author":[{"embeddable":true,"href":"https:\/\/enterateradios.com\/nueva\/wp-json\/wp\/v2\/users\/2"}],"replies":[{"embeddable":true,"href":"https:\/\/enterateradios.com\/nueva\/wp-json\/wp\/v2\/comments?post=963"}],"version-history":[{"count":0,"href":"https:\/\/enterateradios.com\/nueva\/wp-json\/wp\/v2\/posts\/963\/revisions"}],"wp:featuredmedia":[{"embeddable":true,"href":"https:\/\/enterateradios.com\/nueva\/wp-json\/wp\/v2\/media\/964"}],"wp:attachment":[{"href":"https:\/\/enterateradios.com\/nueva\/wp-json\/wp\/v2\/media?parent=963"}],"wp:term":[{"taxonomy":"category","embeddable":true,"href":"https:\/\/enterateradios.com\/nueva\/wp-json\/wp\/v2\/categories?post=963"},{"taxonomy":"post_tag","embeddable":true,"href":"https:\/\/enterateradios.com\/nueva\/wp-json\/wp\/v2\/tags?post=963"}],"curies":[{"name":"wp","href":"https:\/\/api.w.org\/{rel}","templated":true}]}}