{"id":971,"date":"2025-01-19T04:51:18","date_gmt":"2025-01-19T04:51:18","guid":{"rendered":"https:\/\/enterateradios.com\/nueva\/cientificos-publican-evidencias-de-que-adan-y-eva-realmente-existieron-como-dice-la-biblia-acontecer-cristiano\/"},"modified":"2025-01-19T04:51:18","modified_gmt":"2025-01-19T04:51:18","slug":"cientificos-publican-evidencias-de-que-adan-y-eva-realmente-existieron-como-dice-la-biblia-acontecer-cristiano","status":"publish","type":"post","link":"https:\/\/enterateradios.com\/nueva\/cientificos-publican-evidencias-de-que-adan-y-eva-realmente-existieron-como-dice-la-biblia-acontecer-cristiano\/","title":{"rendered":"Cient\u00edficos publican evidencias de que Ad\u00e1n y Eva realmente existieron, como dice la Biblia &#8211; Acontecer Cristiano"},"content":{"rendered":"<p> <br \/>\n<\/p>\n<div id=\"post-body-695684756257143811\" itemprop=\"articleBody\">\n<meta content=\"Bi\u00f3logos y arque\u00f3logos han encontrado evidencias de que el Jard\u00edn del Ed\u00e9n fue la cuna del comienzo de la civilizaci\u00f3n  y que todos los huma...\" name=\"twitter:description\"\/><\/p>\n<div class=\"separator\" style=\"clear: both; text-align: center;\"><img decoding=\"async\" alt=\"Ad\u00e1n y Eva en el Jard\u00edn del Ed\u00e9n\" border=\"0\" data-original-height=\"481\" data-original-width=\"795\" src=\"https:\/\/blogger.googleusercontent.com\/img\/b\/R29vZ2xl\/AVvXsEiIRsxd6OboVd8rYBlsYsZa8etIqkh7SuY6rSq6PG-VezOkcjJus4Q7w2x0_vIKT1zeKTHHk8f0YkDVculfAk-aU54vCeKZep9gsJ0fRUnEg7GMC8B9BgVlQ4uDvnFm6uRAOCNWR_dnP226jrQrPKodtFSF5pKyqyHpHCxkvYSvoKqCySUPYegBmATIQtBl\/s16000-rw\/adan-y-eva-en-el-eden.jpg\" title=\"Cient\u00edficos publican evidencias de que Ad\u00e1n y Eva realmente existieron, como dice la Biblia\"\/><\/div>\n<div>\n<p>Bi\u00f3logos y arque\u00f3logos han encontrado evidencias de que el Jard\u00edn del Ed\u00e9n fue la <b>cuna del comienzo de la civilizaci\u00f3n<\/b> y que todos los humanos descienden de <b>Ad\u00e1n y Eva<\/b>, confirmando el relato b\u00edblico del G\u00e9nesis.<\/p>\n<p>Un grupo de estudiosos ha revelado que han encontrado <b>evidencias cient\u00edficas de la existencia de Ad\u00e1n y Eva<\/b>. Los investigadores en biolog\u00eda ya han demostrado que los humanos comparten un \u00fanico ancestro com\u00fan, que seg\u00fan la Biblia fue Ad\u00e1n, creado del polvo de la Tierra por el mismo Dios.<\/p>\n<div>La <b>evidencia arqueol\u00f3gica<\/b> ha demostrado que el Ed\u00e9n estaba ubicado en una regi\u00f3n entre los r\u00edos Tigris y \u00c9ufrates, lo que hoy es el este de Siria, el noroeste de Turqu\u00eda y la mayor parte de Irak, Seg\u00fan informa <a href=\"https:\/\/www.dailymail.co.uk\/sciencetech\/article-14244213\/Scientists-evidence-Adam-Eve-exist.html\" target=\"_blank\">Daily Mail<\/a>.<\/div>\n<p>El descubrimiento de los investigadores <b>va de acorde con el relato b\u00edblico<\/b> que afirma que un r\u00edo atraviesa el Jard\u00edn del Ed\u00e9n y se divide en cuatro brazos: el Pis\u00f3n, el Gih\u00f3n, el Tigris y el \u00c9ufrates.<\/p>\n<p>\u201cEsto tiene cierto sentido desde un punto de vista textual, porque el relato b\u00edblico no s\u00f3lo dice que el jard\u00edn estaba &#8216;en el este&#8217;, es decir, al este de Israel, sino que tambi\u00e9n<b> menciona los r\u00edos Tigris y \u00c9ufrates<\/b> en conexi\u00f3n con el Jard\u00edn del Ed\u00e9n\u201d, dijo el profesor Eric Cline, arque\u00f3logo cl\u00e1sico y b\u00edblico de la Universidad George Washington.<\/p>\n<p>Adem\u00e1s, los estudiosos creen que la regi\u00f3n fue el lugar donde se cultivaron las primeras plantas y se domesticaron los primeros animales, hace entre 10.000 y 20.000 a\u00f1os, durante la revoluci\u00f3n neol\u00edtica.<\/p>\n<p>El \u00e1rea, llamada \u201c<b>Media Luna F\u00e9rtil<\/b>\u201d, ten\u00eda sedimentos ricos en nutrientes de ambos r\u00edos, lo que permiti\u00f3 que los humanos plantaran y cosecharan los primeros granos.<\/p>\n<p>Fue en esta regi\u00f3n donde los seres humanos pasaron de cazadores y recolectores a agricultores, creando as\u00ed los primeros asentamientos permanentes.<\/p>\n<p>\u00abEsta zona tambi\u00e9n puede haberse convertido en un <b>para\u00edso agr\u00edcola<\/b> para los residentes locales tras la invenci\u00f3n del riego durante el cuarto milenio antes de Cristo\u00bb, explic\u00f3 el profesor Eric.<\/p>\n<p>La investigaci\u00f3n del ADN ha demostrado que <b>todas las personas son descendientes de una sola mujer<\/b>, llamada por los cient\u00edficos \u201c<b>Eva mitocondrial<\/b>\u201d, que es el ancestro femenino com\u00fan de todos los seres humanos.<\/p>\n<p>Asimismo, los bi\u00f3logos han llegado a la conclusi\u00f3n de que tambi\u00e9n exist\u00eda un &#8216;<b>Ad\u00e1n cromos\u00f3mico Y<\/b>&#8216; del que se origina el cromosoma Y masculino en todos los seres humanos.<\/p>\n<p>En 1987, un grupo de genetistas analiz\u00f3 el ADN de 147 personas de todo el mundo y descubri\u00f3 que <b>su ancestro com\u00fan era la Eva mitocondrial<\/b>, que probablemente vivi\u00f3 en \u00c1frica hace unos 200.000 a\u00f1os.<\/p>\n<p>Un estudio m\u00e1s reciente, realizado en 2013 con 1.200 hombres de la isla de Cerde\u00f1a, tambi\u00e9n mostr\u00f3 que el ancestro com\u00fan, el &#8216;<b>Ad\u00e1n cromos\u00f3mico Y<\/b>&#8216;, habr\u00eda vivido hace entre 180.000 y 200.000 a\u00f1os.<\/p>\n<p>\u00abTodos los seres humanos vivos descienden de cada uno de estos ancestros universales. Lo mismo podr\u00eda decirse de todos los que vivieron en el a\u00f1o 1 d.C., o de todos los que estaban vivos cuando comienza la historia registrada. <b>Dos de ellos podr\u00edan ser una pareja particular, llamada Ad\u00e1n y Eva en las Escrituras<\/b>, de de quien todos descendemos\u201d, coment\u00f3 el Dr. Joshua Swamidass, bi\u00f3logo de la Universidad de Washington, en un art\u00edculo en Perspectives on Science and Christian Faith.<\/p>\n<\/div>\n<p><a href=\"https:\/\/www.acontecercristiano.net\/2025\/01\/cientificos-evidencias-adan-y-eva-existieron.html\" target=\"_blank\"> AcontecerCristiano.Net <\/a>\n<\/div>\n<p><script>(function(d, s, id) {\n  var js, fjs = d.getElementsByTagName(s)[0];\n  if (d.getElementById(id)) {return;}\n  js = d.createElement(s); js.id = id;\n  js.src = \"\/\/connect.facebook.net\/es_LA\/all.js#xfbml=1\";\n  fjs.parentNode.insertBefore(js, fjs);\n}(document, 'script', 'facebook-jssdk'));<\/script><br \/>\n<br \/><br \/>\n<br \/><a href=\"https:\/\/www.acontecercristiano.net\/2025\/01\/cientificos-evidencias-adan-y-eva-existieron.html\">Source link <\/a><\/p>\n","protected":false},"excerpt":{"rendered":"<p>Bi\u00f3logos y arque\u00f3logos han encontrado evidencias de que el Jard\u00edn del Ed\u00e9n fue la cuna del comienzo de la civilizaci\u00f3n y que todos los humanos descienden de Ad\u00e1n y Eva, confirmando el relato b\u00edblico del G\u00e9nesis. Un grupo de estudiosos ha revelado que han encontrado evidencias cient\u00edficas de la existencia de Ad\u00e1n y Eva. Los [&hellip;]<\/p>\n","protected":false},"author":2,"featured_media":972,"comment_status":"open","ping_status":"open","sticky":false,"template":"","format":"standard","meta":{"footnotes":""},"categories":[27],"tags":[],"class_list":{"0":"post-971","1":"post","2":"type-post","3":"status-publish","4":"format-standard","5":"has-post-thumbnail","7":"category-cristianas"},"_links":{"self":[{"href":"https:\/\/enterateradios.com\/nueva\/wp-json\/wp\/v2\/posts\/971","targetHints":{"allow":["GET"]}}],"collection":[{"href":"https:\/\/enterateradios.com\/nueva\/wp-json\/wp\/v2\/posts"}],"about":[{"href":"https:\/\/enterateradios.com\/nueva\/wp-json\/wp\/v2\/types\/post"}],"author":[{"embeddable":true,"href":"https:\/\/enterateradios.com\/nueva\/wp-json\/wp\/v2\/users\/2"}],"replies":[{"embeddable":true,"href":"https:\/\/enterateradios.com\/nueva\/wp-json\/wp\/v2\/comments?post=971"}],"version-history":[{"count":0,"href":"https:\/\/enterateradios.com\/nueva\/wp-json\/wp\/v2\/posts\/971\/revisions"}],"wp:featuredmedia":[{"embeddable":true,"href":"https:\/\/enterateradios.com\/nueva\/wp-json\/wp\/v2\/media\/972"}],"wp:attachment":[{"href":"https:\/\/enterateradios.com\/nueva\/wp-json\/wp\/v2\/media?parent=971"}],"wp:term":[{"taxonomy":"category","embeddable":true,"href":"https:\/\/enterateradios.com\/nueva\/wp-json\/wp\/v2\/categories?post=971"},{"taxonomy":"post_tag","embeddable":true,"href":"https:\/\/enterateradios.com\/nueva\/wp-json\/wp\/v2\/tags?post=971"}],"curies":[{"name":"wp","href":"https:\/\/api.w.org\/{rel}","templated":true}]}}