{"id":979,"date":"2025-01-23T04:51:15","date_gmt":"2025-01-23T04:51:15","guid":{"rendered":"https:\/\/enterateradios.com\/nueva\/jimmy-carter-enseno-en-la-escuela-dominical-hasta-los-ultimos-dias-de-su-vida-acontecer-cristiano\/"},"modified":"2025-01-23T04:51:15","modified_gmt":"2025-01-23T04:51:15","slug":"jimmy-carter-enseno-en-la-escuela-dominical-hasta-los-ultimos-dias-de-su-vida-acontecer-cristiano","status":"publish","type":"post","link":"https:\/\/enterateradios.com\/nueva\/jimmy-carter-enseno-en-la-escuela-dominical-hasta-los-ultimos-dias-de-su-vida-acontecer-cristiano\/","title":{"rendered":"Jimmy Carter ense\u00f1\u00f3 en la Escuela Dominical hasta los \u00faltimos d\u00edas de su vida &#8211; Acontecer Cristiano"},"content":{"rendered":"<p> <br \/>\n<\/p>\n<div>\n<div>El ex presidente estadounidense Jimmy Carter , que<a href=\"https:\/\/www.acontecercristiano.net\/2024\/12\/muere-jimmy-carter-los-100-anos.html\"> muri\u00f3 el 29 de diciembre a la edad de 100 a\u00f1os<\/a>, fue el primer gobernante estadounidense que se autodenomin\u00f3 cristiano \u00abnacido de nuevo\u00bb. Carter <b>habl\u00f3 abiertamente de su fe hasta los \u00faltimos d\u00edas de su vida<\/b>, mientras ense\u00f1aba en la escuela dominical.\u00a0<\/div>\n<p>A pesar del fallido intento de reelecci\u00f3n del Partido Dem\u00f3crata en 1980, Carter \u201cayud\u00f3 a activar un enorme ej\u00e9rcito de evang\u00e9licos pol\u00edticamente conscientes en las elecciones siguientes, la mayor\u00eda de los cuales han votado por los republicanos desde entonces\u201d, escriben Michael Duffy y Nancy Gibbs en \u201cThe Preacher and the Presidents\u201d: un libro sobre las relaciones de Billy Graham con los l\u00edderes estadounidenses.<\/p>\n<p>Carter se hizo conocido en sus a\u00f1os pospresidenciales por su<b> mediaci\u00f3n en conflictos internacionales<\/b> y sus esfuerzos para albergar a los vulnerables a trav\u00e9s de la organizaci\u00f3n \u201cH\u00e1bitat para la Humanidad\u201d, y fue galardonado con el Premio Nobel de la Paz y la Medalla Presidencial de la Libertad.<\/p>\n<p><b>A lo largo de su vida, Carter permaneci\u00f3 conectado a una iglesia local<\/b>: \u201cEra parte de mi vida, como respirar, como ser georgiano o ser un ser humano, ser parte de la vida de la iglesia\u201d, dijo Carter durante una entrevista publicada. en la revista Baptist History and Heritage en 1997.<\/p>\n<p>Carter solo se perdi\u00f3 un domingo en Maranatha despu\u00e9s de fracturarse la pelvis en 2019. Cuando regres\u00f3 para dirigir su clase de Escuela Dominical, inform\u00f3 sobre un diagn\u00f3stico de c\u00e1ncer que recibi\u00f3 cuatro a\u00f1os antes y dijo sobre ese momento: \u00abAsum\u00ed, naturalmente, que iba a morir muy r\u00e1pido\u00bb.<\/p>\n<p>\u201cObviamente, or\u00e9 por eso. No le ped\u00ed a Dios que me dejara vivir, pero <b>le ped\u00ed a Dios que me diera una actitud adecuada hacia la muerte<\/b>, y descubr\u00ed que estaba absoluta y completamente a gusto con la muerte\u201d, dijo Carter, seg\u00fan CNN.<\/p>\n<p><b>Recordando la trayectoria de Carter<\/b><\/p>\n<p>James Earl \u201cJimmy\u201d Carter Junior naci\u00f3 el 1 de octubre de 1924 en el peque\u00f1o pueblo rural de Plains, Georgia. Su padre era agricultor y empresario y su madre trabajaba como enfermera.<\/p>\n<p>Recibi\u00f3 su educaci\u00f3n b\u00e1sica en una escuela p\u00fablica local. Posteriormente, asisti\u00f3 al College of Southwest Georgia y al Instituto de Tecnolog\u00eda estatal. Posteriormente se licenci\u00f3 en Ciencias en 1946 en la Academia Naval de los Estados Unidos. Ese mismo a\u00f1o se cas\u00f3 con Rosalynn.<\/p>\n<p>En la Armada, Carter sirvi\u00f3 en submarinos en los oc\u00e9anos Atl\u00e1ntico y Pac\u00edfico y <b>ascendi\u00f3 al rango de teniente<\/b>. Fue elegido por un superior para ingresar al programa de submarinos nucleares y enviado a Schenectady, Nueva York, donde se especializ\u00f3 en tecnolog\u00eda de reactores y f\u00edsica nuclear.<\/p>\n<p>Despu\u00e9s de la muerte de su padre en 1953, dej\u00f3 la Marina y regres\u00f3 a Plains, donde se hizo cargo del <b>negocio familiar<\/b>, que inclu\u00eda granjas y una empresa de suministros rurales.<\/p>\n<p>Carter inici\u00f3 la vida pol\u00edtica en la ciudad, sirviendo como administrador de educaci\u00f3n, del hospital y de la biblioteca. Como uno de los<b> l\u00edderes de la comunidad<\/b>, se uni\u00f3 al Partido Dem\u00f3crata.<\/p>\n<p>En 1962, gan\u00f3 las elecciones para el cargo de senador por el estado de Georgia, por un mandato de dos a\u00f1os. Carter gan\u00f3 notoriedad por atacar el <b>gasto gubernamental<\/b> y oponerse a leyes que quitaban el derecho al voto a los negros. Fue reelegido en 1964.<\/p>\n<p>El pol\u00edtico se postul\u00f3 para el gobierno estatal en 1966, pero perdi\u00f3 en las primarias del Partido Dem\u00f3crata. En 1970 obtuvo nuevos apoyos y fue elegido. Durante su mandato<b> impuls\u00f3 una reforma administrativa que redujo el gasto de los organismos p\u00fablicos.<\/b><\/p>\n<p>Carter se postul\u00f3 para presidente de los Estados Unidos en 1976, venciendo al republicano Gerald Ford, que buscaba la reelecci\u00f3n. <b>Se desempe\u00f1\u00f3 como presidente de los Estados Unidos entre 1977 y 1981.\u00a0<\/b><\/p>\n<p>Carter es conocido por lograr los <b>Acuerdos de Camp David<\/b>, en los que Egipto e Israel firmaron formalmente un tratado de paz, poniendo fin a 31 a\u00f1os de guerra entre ellos. A nivel nacional, cre\u00f3 el Departamento de Educaci\u00f3n y el Departamento de Energ\u00eda.<\/p>\n<p>Adem\u00e1s, la administraci\u00f3n del entonces presidente estuvo marcada por una fuerte crisis econ\u00f3mica y energ\u00e9tica en el pa\u00eds, un esfuerzo diplom\u00e1tico de paz en el resto del mundo y el secuestro de 52 estadounidenses en Teher\u00e1n por parte de iran\u00edes.<\/p>\n<\/div>\n<p><script>(function(d, s, id) {\n  var js, fjs = d.getElementsByTagName(s)[0];\n  if (d.getElementById(id)) {return;}\n  js = d.createElement(s); js.id = id;\n  js.src = \"\/\/connect.facebook.net\/es_LA\/all.js#xfbml=1\";\n  fjs.parentNode.insertBefore(js, fjs);\n}(document, 'script', 'facebook-jssdk'));<\/script><br \/>\n<br \/><br \/>\n<br \/><a href=\"https:\/\/www.acontecercristiano.net\/2025\/01\/jimmy-carter-enseno-en-la-escuela-dominical.html\">Source link <\/a><\/p>\n","protected":false},"excerpt":{"rendered":"<p>El ex presidente estadounidense Jimmy Carter , que muri\u00f3 el 29 de diciembre a la edad de 100 a\u00f1os, fue el primer gobernante estadounidense que se autodenomin\u00f3 cristiano \u00abnacido de nuevo\u00bb. Carter habl\u00f3 abiertamente de su fe hasta los \u00faltimos d\u00edas de su vida, mientras ense\u00f1aba en la escuela dominical.\u00a0 A pesar del fallido intento [&hellip;]<\/p>\n","protected":false},"author":2,"featured_media":980,"comment_status":"open","ping_status":"open","sticky":false,"template":"","format":"standard","meta":{"footnotes":""},"categories":[27],"tags":[],"class_list":{"0":"post-979","1":"post","2":"type-post","3":"status-publish","4":"format-standard","5":"has-post-thumbnail","7":"category-cristianas"},"_links":{"self":[{"href":"https:\/\/enterateradios.com\/nueva\/wp-json\/wp\/v2\/posts\/979","targetHints":{"allow":["GET"]}}],"collection":[{"href":"https:\/\/enterateradios.com\/nueva\/wp-json\/wp\/v2\/posts"}],"about":[{"href":"https:\/\/enterateradios.com\/nueva\/wp-json\/wp\/v2\/types\/post"}],"author":[{"embeddable":true,"href":"https:\/\/enterateradios.com\/nueva\/wp-json\/wp\/v2\/users\/2"}],"replies":[{"embeddable":true,"href":"https:\/\/enterateradios.com\/nueva\/wp-json\/wp\/v2\/comments?post=979"}],"version-history":[{"count":0,"href":"https:\/\/enterateradios.com\/nueva\/wp-json\/wp\/v2\/posts\/979\/revisions"}],"wp:featuredmedia":[{"embeddable":true,"href":"https:\/\/enterateradios.com\/nueva\/wp-json\/wp\/v2\/media\/980"}],"wp:attachment":[{"href":"https:\/\/enterateradios.com\/nueva\/wp-json\/wp\/v2\/media?parent=979"}],"wp:term":[{"taxonomy":"category","embeddable":true,"href":"https:\/\/enterateradios.com\/nueva\/wp-json\/wp\/v2\/categories?post=979"},{"taxonomy":"post_tag","embeddable":true,"href":"https:\/\/enterateradios.com\/nueva\/wp-json\/wp\/v2\/tags?post=979"}],"curies":[{"name":"wp","href":"https:\/\/api.w.org\/{rel}","templated":true}]}}